{"id":6432,"date":"2021-03-22T11:07:21","date_gmt":"2021-03-22T10:07:21","guid":{"rendered":"https:\/\/newsletter.deutschesoccerliga.de\/?p=6432"},"modified":"2021-06-03T10:02:04","modified_gmt":"2021-06-03T08:02:04","slug":"die-inklusionswerkstatt-kooperation-deutsche-soccer-liga-thuringia-bulls","status":"publish","type":"post","link":"https:\/\/newsletter.deutschesoccerliga.de\/index.php\/2021\/03\/22\/die-inklusionswerkstatt-kooperation-deutsche-soccer-liga-thuringia-bulls\/","title":{"rendered":"Die InklusionsWerkstatt \u2013 Kooperation Deutsche Soccer Liga &#038; Thuringia Bulls"},"content":{"rendered":"[vc_row type=&#8220;in_container&#8220; full_screen_row_position=&#8220;middle&#8220; column_margin=&#8220;default&#8220; column_direction=&#8220;default&#8220; column_direction_tablet=&#8220;default&#8220; column_direction_phone=&#8220;default&#8220; scene_position=&#8220;center&#8220; text_color=&#8220;dark&#8220; text_align=&#8220;left&#8220; row_border_radius=&#8220;none&#8220; row_border_radius_applies=&#8220;bg&#8220; overlay_strength=&#8220;0.3&#8243; gradient_direction=&#8220;left_to_right&#8220; shape_divider_position=&#8220;bottom&#8220; bg_image_animation=&#8220;none&#8220;][vc_column column_padding=&#8220;no-extra-padding&#8220; column_padding_tablet=&#8220;inherit&#8220; column_padding_phone=&#8220;inherit&#8220; column_padding_position=&#8220;all&#8220; background_color_opacity=&#8220;1&#8243; background_hover_color_opacity=&#8220;1&#8243; column_shadow=&#8220;none&#8220; column_border_radius=&#8220;none&#8220; column_link_target=&#8220;_self&#8220; gradient_direction=&#8220;left_to_right&#8220; overlay_strength=&#8220;0.3&#8243; width=&#8220;1\/1&#8243; tablet_width_inherit=&#8220;default&#8220; tablet_text_alignment=&#8220;default&#8220; phone_text_alignment=&#8220;default&#8220; column_border_width=&#8220;none&#8220; column_border_style=&#8220;solid&#8220; bg_image_animation=&#8220;none&#8220;][vc_gallery type=&#8220;nectarslider_style&#8220; images=&#8220;6469,6465,6473,6461,6462&#8243; image_loading=&#8220;default&#8220; bullet_navigation=&#8220;true&#8220; bullet_navigation_style=&#8220;see_through_ar_visualized&#8220; onclick=&#8220;link_no&#8220;][\/vc_column][\/vc_row][vc_row type=&#8220;in_container&#8220; full_screen_row_position=&#8220;middle&#8220; column_margin=&#8220;default&#8220; column_direction=&#8220;default&#8220; column_direction_tablet=&#8220;default&#8220; column_direction_phone=&#8220;default&#8220; scene_position=&#8220;center&#8220; text_color=&#8220;dark&#8220; text_align=&#8220;left&#8220; row_border_radius=&#8220;none&#8220; row_border_radius_applies=&#8220;bg&#8220; overlay_strength=&#8220;0.3&#8243; gradient_direction=&#8220;left_to_right&#8220; shape_divider_position=&#8220;bottom&#8220; bg_image_animation=&#8220;none&#8220; shape_type=&#8220;&#8220;][vc_column column_padding=&#8220;no-extra-padding&#8220; column_padding_tablet=&#8220;inherit&#8220; column_padding_phone=&#8220;inherit&#8220; column_padding_position=&#8220;all&#8220; background_color_opacity=&#8220;1&#8243; background_hover_color_opacity=&#8220;1&#8243; column_shadow=&#8220;none&#8220; column_border_radius=&#8220;none&#8220; column_link_target=&#8220;_self&#8220; gradient_direction=&#8220;left_to_right&#8220; overlay_strength=&#8220;0.3&#8243; width=&#8220;1\/1&#8243; tablet_width_inherit=&#8220;default&#8220; tablet_text_alignment=&#8220;default&#8220; phone_text_alignment=&#8220;default&#8220; column_border_width=&#8220;none&#8220; column_border_style=&#8220;solid&#8220; bg_image_animation=&#8220;none&#8220;][vc_column_text]\n<h4><strong>Wir sind der Meinung: man ist nicht, sondern <em>wird<\/em> behindert!<\/strong><\/h4>\n[\/vc_column_text][vc_column_text]\n<p align=\"justify\">Am 10. und 11. September 2021 findet das gro\u00dfe Finale unserer InklusionsWerkstatt in Elxleben bei Erfurt statt. Die Spielst\u00e4tte der Thuringia Bulls, Europas erfolgreichster Rollstuhlbasketballmannschaft, bietet hierf\u00fcr hervorragende Bedingungen.\u00a0 Parallel zum professionell organisierten Streetballturnier in den Kategorien Rollstuhl- und Fu\u00dfg\u00e4nger*innen-Basketball k\u00f6nnen die vier interaktiven Stationen der InklusionsWerkstatt besucht werden. Unser Anliegen besteht darin, L\u00fccken innerhalb unseres gesellschaftlichen Miteinanders und einseitige Perspektiven aufzudecken. \u00a0So sollen Erfahrungen mit Inklusion positiv belegt, Impulse f\u00fcr eine inklusivere Gesellschaft gesetzt und die Teilnehmenden dazu angeregt werden, die eigene Verantwortung in Bezug auf \u201eBarrierefreiheit\u201c zu erkennen. Das Inklusionsprojekt m\u00f6chte zur Meinungsbildung und Werteorientierung beitragen und dabei unterst\u00fctzen, urteilsf\u00e4hig und mitmenschlich zu handeln. Als Zielgruppe werden Freizeitteams aus Kindern, Jugendlichen und jungen Erwachsen bis 27 Jahren mit und ohne Angewiesenheit auf einen Rollstuhl angesprochen. Gef\u00f6rdert wird das Projekt durch die Aktion Mensch.<\/p>\n[\/vc_column_text][\/vc_column][\/vc_row]\n","protected":false},"excerpt":{"rendered":"<p>[vc_row type=&#8220;in_container&#8220; full_screen_row_position=&#8220;middle&#8220; column_margin=&#8220;default&#8220; column_direction=&#8220;default&#8220; column_direction_tablet=&#8220;default&#8220; column_direction_phone=&#8220;default&#8220; scene_position=&#8220;center&#8220; text_color=&#8220;dark&#8220; text_align=&#8220;left&#8220; row_border_radius=&#8220;none&#8220; row_border_radius_applies=&#8220;bg&#8220; overlay_strength=&#8220;0.3&#8243; gradient_direction=&#8220;left_to_right&#8220; shape_divider_position=&#8220;bottom&#8220; bg_image_animation=&#8220;none&#8220;][vc_column column_padding=&#8220;no-extra-padding&#8220; column_padding_tablet=&#8220;inherit&#8220; column_padding_phone=&#8220;inherit&#8220; column_padding_position=&#8220;all&#8220; background_color_opacity=&#8220;1&#8243; background_hover_color_opacity=&#8220;1&#8243; column_shadow=&#8220;none&#8220; column_border_radius=&#8220;none&#8220; column_link_target=&#8220;_self&#8220;&#8230;<\/p>\n","protected":false},"author":4,"featured_media":6456,"comment_status":"closed","ping_status":"closed","sticky":false,"template":"","format":"standard","meta":{"inline_featured_image":false},"categories":[1],"tags":[251,189,153,147,173],"_links":{"self":[{"href":"https:\/\/newsletter.deutschesoccerliga.de\/index.php\/wp-json\/wp\/v2\/posts\/6432"}],"collection":[{"href":"https:\/\/newsletter.deutschesoccerliga.de\/index.php\/wp-json\/wp\/v2\/posts"}],"about":[{"href":"https:\/\/newsletter.deutschesoccerliga.de\/index.php\/wp-json\/wp\/v2\/types\/post"}],"author":[{"embeddable":true,"href":"https:\/\/newsletter.deutschesoccerliga.de\/index.php\/wp-json\/wp\/v2\/users\/4"}],"replies":[{"embeddable":true,"href":"https:\/\/newsletter.deutschesoccerliga.de\/index.php\/wp-json\/wp\/v2\/comments?post=6432"}],"version-history":[{"count":15,"href":"https:\/\/newsletter.deutschesoccerliga.de\/index.php\/wp-json\/wp\/v2\/posts\/6432\/revisions"}],"predecessor-version":[{"id":6636,"href":"https:\/\/newsletter.deutschesoccerliga.de\/index.php\/wp-json\/wp\/v2\/posts\/6432\/revisions\/6636"}],"wp:featuredmedia":[{"embeddable":true,"href":"https:\/\/newsletter.deutschesoccerliga.de\/index.php\/wp-json\/wp\/v2\/media\/6456"}],"wp:attachment":[{"href":"https:\/\/newsletter.deutschesoccerliga.de\/index.php\/wp-json\/wp\/v2\/media?parent=6432"}],"wp:term":[{"taxonomy":"category","embeddable":true,"href":"https:\/\/newsletter.deutschesoccerliga.de\/index.php\/wp-json\/wp\/v2\/categories?post=6432"},{"taxonomy":"post_tag","embeddable":true,"href":"https:\/\/newsletter.deutschesoccerliga.de\/index.php\/wp-json\/wp\/v2\/tags?post=6432"}],"curies":[{"name":"wp","href":"https:\/\/api.w.org\/{rel}","templated":true}]}}