{"id":6565,"date":"2021-06-02T14:26:48","date_gmt":"2021-06-02T12:26:48","guid":{"rendered":"https:\/\/newsletter.deutschesoccerliga.de\/?p=6565"},"modified":"2021-06-02T15:10:40","modified_gmt":"2021-06-02T13:10:40","slug":"lernen-als-geschenk-begreifen","status":"publish","type":"post","link":"https:\/\/newsletter.deutschesoccerliga.de\/index.php\/2021\/06\/02\/lernen-als-geschenk-begreifen\/","title":{"rendered":"Lernen als Geschenk begreifen"},"content":{"rendered":"[vc_row type=&#8220;in_container&#8220; full_screen_row_position=&#8220;middle&#8220; column_margin=&#8220;default&#8220; column_direction=&#8220;default&#8220; column_direction_tablet=&#8220;default&#8220; column_direction_phone=&#8220;default&#8220; scene_position=&#8220;center&#8220; text_color=&#8220;dark&#8220; text_align=&#8220;left&#8220; row_border_radius=&#8220;none&#8220; row_border_radius_applies=&#8220;bg&#8220; overlay_strength=&#8220;0.3&#8243; gradient_direction=&#8220;left_to_right&#8220; shape_divider_position=&#8220;bottom&#8220; bg_image_animation=&#8220;none&#8220;][vc_column column_padding=&#8220;no-extra-padding&#8220; column_padding_tablet=&#8220;inherit&#8220; column_padding_phone=&#8220;inherit&#8220; column_padding_position=&#8220;all&#8220; background_color_opacity=&#8220;1&#8243; background_hover_color_opacity=&#8220;1&#8243; column_shadow=&#8220;none&#8220; column_border_radius=&#8220;none&#8220; column_link_target=&#8220;_self&#8220; gradient_direction=&#8220;left_to_right&#8220; overlay_strength=&#8220;0.3&#8243; width=&#8220;1\/1&#8243; tablet_width_inherit=&#8220;default&#8220; tablet_text_alignment=&#8220;default&#8220; phone_text_alignment=&#8220;default&#8220; column_border_width=&#8220;none&#8220; column_border_style=&#8220;solid&#8220; bg_image_animation=&#8220;none&#8220;][vc_gallery type=&#8220;nectarslider_style&#8220; images=&#8220;6569,6567,6570&#8243; image_loading=&#8220;default&#8220; bullet_navigation=&#8220;true&#8220; bullet_navigation_style=&#8220;see_through_ar_visualized&#8220; onclick=&#8220;link_no&#8220;][\/vc_column][\/vc_row][vc_row type=&#8220;in_container&#8220; full_screen_row_position=&#8220;middle&#8220; column_margin=&#8220;default&#8220; column_direction=&#8220;default&#8220; column_direction_tablet=&#8220;default&#8220; column_direction_phone=&#8220;default&#8220; scene_position=&#8220;center&#8220; text_color=&#8220;dark&#8220; text_align=&#8220;left&#8220; row_border_radius=&#8220;none&#8220; row_border_radius_applies=&#8220;bg&#8220; overlay_strength=&#8220;0.3&#8243; gradient_direction=&#8220;left_to_right&#8220; shape_divider_position=&#8220;bottom&#8220; bg_image_animation=&#8220;none&#8220; shape_type=&#8220;&#8220;][vc_column column_padding=&#8220;no-extra-padding&#8220; column_padding_tablet=&#8220;inherit&#8220; column_padding_phone=&#8220;inherit&#8220; column_padding_position=&#8220;all&#8220; background_color_opacity=&#8220;1&#8243; background_hover_color_opacity=&#8220;1&#8243; column_shadow=&#8220;none&#8220; column_border_radius=&#8220;none&#8220; column_link_target=&#8220;_self&#8220; gradient_direction=&#8220;left_to_right&#8220; overlay_strength=&#8220;0.3&#8243; width=&#8220;1\/1&#8243; tablet_width_inherit=&#8220;default&#8220; tablet_text_alignment=&#8220;default&#8220; phone_text_alignment=&#8220;default&#8220; column_border_width=&#8220;none&#8220; column_border_style=&#8220;solid&#8220; bg_image_animation=&#8220;none&#8220;][vc_column_text]<strong>Au\u00dfergew\u00f6hnliche Seminarreihe mit Auszubildenden des Unternehmens Kynast Elektroanlagen GmbH. <\/strong>[\/vc_column_text][vc_column_text]\n<p align=\"justify\">Lernen nicht als <em>Muss<\/em>, sondern als <em>Darf<\/em> verstehen \u2013 so sieht es die Philosophie des europaweit t\u00e4tigen Unternehmens Kynast Elektroanlagen GmbH. Dem Familienunternehmen geht es um mehr als um starres Fachwissen. Es setzt auf flache Hierarchien und innovative Angebote f\u00fcr ihre Mitarbeitenden. In einer Kooperationspartnerschaft zur Deutschen Soccer Liga manifestierte sich unter eben jenem Credo eine Seminarreihe, die einzigartig scheint. So schafft das Unternehmen seinen Auszubildenden einen Luxusraum f\u00fcr Lern- und Diskussionsmomente. Seit M\u00e4rz 2020 besuchen die jungen Erwachsenen unterschiedlicher Ausbildungsjahrg\u00e4nge der Elektrotechnik oder des Technischen Zeichnens die Gesch\u00e4ftsstelle des Bildungstr\u00e4gers. Hierf\u00fcr werden sie vom Unternehmen freigestellt, um gemeinsam als Gruppe von circa 15 Personen nach Erfurt zu reisen. Aufgrund der langen Anfahrt sind einige der jungen Erwachsenen dazu aufgefordert, den Tag bereits um f\u00fcnf Uhr morgens zu beginnen. F\u00fcr die Mehrheit der Teilnehmenden stellt dies keine H\u00fcrde dar, ist die Freude auf den gemeinsamen Projekttag zu pr\u00e4sent.<\/p>\n<p align=\"justify\">Die Idee dieser Seminarreihe ist beispiellos und zeigt einen Arbeitgeber mit Herz und Verstand. Sich selbst als eigenverantwortliche, politische und menschenzugewandte Personen begreifen, ist die Ma\u00dfgabe aller Projektaktivit\u00e4ten \u2013 und \u00f6ffnet den Raum f\u00fcr ein Lernen an gesellschaftspolitischen Themen. Wissensvermittlung erf\u00e4hrt sich im Duett mit werteorientierter Bildungsarbeit, die in besonderem Ma\u00dfe demokratische Inhalte tangiert. Neben einem sportlichen Bewegungsausgleich l\u00e4sst das Projekt aktuelle Trends und (politisch gezeigte) Ph\u00e4nomene ebenso einflie\u00dfen, wie die lebensweltbez\u00fcglichen Themen der Gruppe. Dabei erlebt das Projekt eine bemerkenswerte Zusammenarbeit mit der Gesch\u00e4ftsf\u00fchrung und den zust\u00e4ndigen Ausbildenden des Unternehmens, die den nachstehenden Grundsatz in ihrem beruflichen Tun (vor-) leben: <em>\u201eThe one way the world hasn\u2019t changed: teaching is still the most important job.\u201c (George Lucas)<\/em><\/p>\n[\/vc_column_text][\/vc_column][\/vc_row]\n","protected":false},"excerpt":{"rendered":"<p>[vc_row type=&#8220;in_container&#8220; full_screen_row_position=&#8220;middle&#8220; column_margin=&#8220;default&#8220; column_direction=&#8220;default&#8220; column_direction_tablet=&#8220;default&#8220; column_direction_phone=&#8220;default&#8220; scene_position=&#8220;center&#8220; text_color=&#8220;dark&#8220; text_align=&#8220;left&#8220; row_border_radius=&#8220;none&#8220; row_border_radius_applies=&#8220;bg&#8220; overlay_strength=&#8220;0.3&#8243; gradient_direction=&#8220;left_to_right&#8220; shape_divider_position=&#8220;bottom&#8220; bg_image_animation=&#8220;none&#8220;][vc_column column_padding=&#8220;no-extra-padding&#8220; column_padding_tablet=&#8220;inherit&#8220; column_padding_phone=&#8220;inherit&#8220; column_padding_position=&#8220;all&#8220; background_color_opacity=&#8220;1&#8243; background_hover_color_opacity=&#8220;1&#8243; column_shadow=&#8220;none&#8220; column_border_radius=&#8220;none&#8220; column_link_target=&#8220;_self&#8220;&#8230;<\/p>\n","protected":false},"author":4,"featured_media":6570,"comment_status":"closed","ping_status":"closed","sticky":false,"template":"","format":"standard","meta":{"inline_featured_image":false},"categories":[115],"tags":[217,263,189,151],"_links":{"self":[{"href":"https:\/\/newsletter.deutschesoccerliga.de\/index.php\/wp-json\/wp\/v2\/posts\/6565"}],"collection":[{"href":"https:\/\/newsletter.deutschesoccerliga.de\/index.php\/wp-json\/wp\/v2\/posts"}],"about":[{"href":"https:\/\/newsletter.deutschesoccerliga.de\/index.php\/wp-json\/wp\/v2\/types\/post"}],"author":[{"embeddable":true,"href":"https:\/\/newsletter.deutschesoccerliga.de\/index.php\/wp-json\/wp\/v2\/users\/4"}],"replies":[{"embeddable":true,"href":"https:\/\/newsletter.deutschesoccerliga.de\/index.php\/wp-json\/wp\/v2\/comments?post=6565"}],"version-history":[{"count":9,"href":"https:\/\/newsletter.deutschesoccerliga.de\/index.php\/wp-json\/wp\/v2\/posts\/6565\/revisions"}],"predecessor-version":[{"id":6619,"href":"https:\/\/newsletter.deutschesoccerliga.de\/index.php\/wp-json\/wp\/v2\/posts\/6565\/revisions\/6619"}],"wp:featuredmedia":[{"embeddable":true,"href":"https:\/\/newsletter.deutschesoccerliga.de\/index.php\/wp-json\/wp\/v2\/media\/6570"}],"wp:attachment":[{"href":"https:\/\/newsletter.deutschesoccerliga.de\/index.php\/wp-json\/wp\/v2\/media?parent=6565"}],"wp:term":[{"taxonomy":"category","embeddable":true,"href":"https:\/\/newsletter.deutschesoccerliga.de\/index.php\/wp-json\/wp\/v2\/categories?post=6565"},{"taxonomy":"post_tag","embeddable":true,"href":"https:\/\/newsletter.deutschesoccerliga.de\/index.php\/wp-json\/wp\/v2\/tags?post=6565"}],"curies":[{"name":"wp","href":"https:\/\/api.w.org\/{rel}","templated":true}]}}