{"id":6665,"date":"2021-07-07T14:01:56","date_gmt":"2021-07-07T12:01:56","guid":{"rendered":"https:\/\/newsletter.deutschesoccerliga.de\/?p=6665"},"modified":"2021-07-08T08:15:59","modified_gmt":"2021-07-08T06:15:59","slug":"burak-yilmaz-als-referent-bei-der-deutschen-soccer-liga","status":"publish","type":"post","link":"https:\/\/newsletter.deutschesoccerliga.de\/index.php\/2021\/07\/07\/burak-yilmaz-als-referent-bei-der-deutschen-soccer-liga\/","title":{"rendered":"Burak Yilmaz als Referent bei der Deutschen Soccer Liga"},"content":{"rendered":"[vc_row type=&#8220;in_container&#8220; full_screen_row_position=&#8220;middle&#8220; column_margin=&#8220;default&#8220; column_direction=&#8220;default&#8220; column_direction_tablet=&#8220;default&#8220; column_direction_phone=&#8220;default&#8220; scene_position=&#8220;center&#8220; text_color=&#8220;dark&#8220; text_align=&#8220;left&#8220; row_border_radius=&#8220;none&#8220; row_border_radius_applies=&#8220;bg&#8220; overlay_strength=&#8220;0.3&#8243; gradient_direction=&#8220;left_to_right&#8220; shape_divider_position=&#8220;bottom&#8220; bg_image_animation=&#8220;none&#8220;][vc_column column_padding=&#8220;no-extra-padding&#8220; column_padding_tablet=&#8220;inherit&#8220; column_padding_phone=&#8220;inherit&#8220; column_padding_position=&#8220;all&#8220; background_color_opacity=&#8220;1&#8243; background_hover_color_opacity=&#8220;1&#8243; column_shadow=&#8220;none&#8220; column_border_radius=&#8220;none&#8220; column_link_target=&#8220;_self&#8220; gradient_direction=&#8220;left_to_right&#8220; overlay_strength=&#8220;0.3&#8243; width=&#8220;1\/1&#8243; tablet_width_inherit=&#8220;default&#8220; tablet_text_alignment=&#8220;default&#8220; phone_text_alignment=&#8220;default&#8220; column_border_width=&#8220;none&#8220; column_border_style=&#8220;solid&#8220; bg_image_animation=&#8220;none&#8220;][vc_gallery type=&#8220;nectarslider_style&#8220; images=&#8220;6670,6674,6696&#8243; image_loading=&#8220;default&#8220; bullet_navigation=&#8220;true&#8220; bullet_navigation_style=&#8220;see_through_ar_visualized&#8220; onclick=&#8220;link_no&#8220;][\/vc_column][\/vc_row][vc_row type=&#8220;in_container&#8220; full_screen_row_position=&#8220;middle&#8220; column_margin=&#8220;default&#8220; column_direction=&#8220;default&#8220; column_direction_tablet=&#8220;default&#8220; column_direction_phone=&#8220;default&#8220; scene_position=&#8220;center&#8220; text_color=&#8220;dark&#8220; text_align=&#8220;left&#8220; row_border_radius=&#8220;none&#8220; row_border_radius_applies=&#8220;bg&#8220; overlay_strength=&#8220;0.3&#8243; gradient_direction=&#8220;left_to_right&#8220; shape_divider_position=&#8220;bottom&#8220; bg_image_animation=&#8220;none&#8220; shape_type=&#8220;&#8220;][vc_column column_padding=&#8220;no-extra-padding&#8220; column_padding_tablet=&#8220;inherit&#8220; column_padding_phone=&#8220;inherit&#8220; column_padding_position=&#8220;all&#8220; background_color_opacity=&#8220;1&#8243; background_hover_color_opacity=&#8220;1&#8243; column_shadow=&#8220;none&#8220; column_border_radius=&#8220;none&#8220; column_link_target=&#8220;_self&#8220; gradient_direction=&#8220;left_to_right&#8220; overlay_strength=&#8220;0.3&#8243; width=&#8220;1\/1&#8243; tablet_width_inherit=&#8220;default&#8220; tablet_text_alignment=&#8220;default&#8220; phone_text_alignment=&#8220;default&#8220; column_border_width=&#8220;none&#8220; column_border_style=&#8220;solid&#8220; bg_image_animation=&#8220;none&#8220;][vc_column_text]<strong>Botschafter f\u00fcr Demokratie und Toleranz 2019 Burak Yilmaz gibt Input zum Thema Islam und Islamismus.<br \/>\n<\/strong>[\/vc_column_text][vc_column_text]\n<p align=\"justify\">Der Duisburger P\u00e4dagoge und Berater Burak Yilmaz ist zu Gast in der Erfurter Gesch\u00e4ftsstelle. Im Rahmen des Projektes <em>SELF \u2013 Mein Weg<\/em>, das durch das Th\u00fcringer Ministerium f\u00fcr Migration, Justiz und Verbraucherschutz finanziert ist, f\u00fchrt der Experte u.a. durch die Themenbereiche Islam und Islamismus. Ziel der mehrt\u00e4gigen Veranstaltung ist es, themenbezogene Wissensbausteine zu transportieren und die Projektverantwortlichen der Deutschen Soccer Liga in die inhaltliche Tiefe von Radikalisierung und deren Tendenzen zu leiten.<\/p>\n<p align=\"justify\">Burak Yilmaz ist Teil des Beratungskreises des Bundesbeauftragten gegen Antisemitismus Herrn Dr. Felix Klein und arbeitet in Kooperation mit der Deutschen Soccer Liga. Das genannte Projekt greift seine Expertise um religi\u00f6s motivierte Ideologien auf und schult das Projektteam in Symboliken und Erkennungsmerkmalen dieser. Sein Fachwissen \u00fcber diverse -Ismen l\u00e4sst einen \u00fcbergeordneten Blick auf Radikalisierungsprozesse zu und schafft die Grundlage f\u00fcr den Austausch zu Pr\u00e4vention und Intervention.<\/p>\n<p align=\"justify\">Das Projekt <em>SELF \u2013 Mein Weg<\/em> mit mehrj\u00e4hriger Erfahrung findet f\u00fcr das Kalenderjahr 2021 erstmals im Juni als Pr\u00e4ventionsma\u00dfnahme in der Jugendarrestanstalt Arnstadt statt. Die teilgenommenen acht jungen Erwachsenen bringen Themen wie rechtes Gedankengut sowie (berufliche) Perspektivlosigkeit mit. Der Mangel an Zugeh\u00f6rigkeit zu Peers und\/oder der Wunsch nach Anerkennung schaffen eine hervorragende Plattform f\u00fcr Radikalisierungsprozesse. Die Ma\u00dfnahme setzte genau hieran an und gestaltete sich durch Identit\u00e4tsreflektionen und Einheiten politischer Bildungsarbeit aus.<\/p>\n[\/vc_column_text][\/vc_column][\/vc_row][vc_row type=&#8220;in_container&#8220; full_screen_row_position=&#8220;middle&#8220; column_margin=&#8220;default&#8220; column_direction=&#8220;default&#8220; column_direction_tablet=&#8220;default&#8220; column_direction_phone=&#8220;default&#8220; scene_position=&#8220;center&#8220; text_color=&#8220;dark&#8220; text_align=&#8220;left&#8220; row_border_radius=&#8220;none&#8220; row_border_radius_applies=&#8220;bg&#8220; overlay_strength=&#8220;0.3&#8243; gradient_direction=&#8220;left_to_right&#8220; shape_divider_position=&#8220;bottom&#8220; bg_image_animation=&#8220;none&#8220;][vc_column column_padding=&#8220;no-extra-padding&#8220; column_padding_tablet=&#8220;inherit&#8220; column_padding_phone=&#8220;inherit&#8220; column_padding_position=&#8220;all&#8220; background_color_opacity=&#8220;1&#8243; background_hover_color_opacity=&#8220;1&#8243; column_shadow=&#8220;none&#8220; column_border_radius=&#8220;none&#8220; column_link_target=&#8220;_self&#8220; gradient_direction=&#8220;left_to_right&#8220; overlay_strength=&#8220;0.3&#8243; width=&#8220;1\/1&#8243; tablet_width_inherit=&#8220;default&#8220; tablet_text_alignment=&#8220;default&#8220; phone_text_alignment=&#8220;default&#8220; column_border_width=&#8220;none&#8220; column_border_style=&#8220;solid&#8220; bg_image_animation=&#8220;none&#8220;][vc_column_text][\/vc_column_text][\/vc_column][\/vc_row]\n","protected":false},"excerpt":{"rendered":"<p>[vc_row type=&#8220;in_container&#8220; full_screen_row_position=&#8220;middle&#8220; column_margin=&#8220;default&#8220; column_direction=&#8220;default&#8220; column_direction_tablet=&#8220;default&#8220; column_direction_phone=&#8220;default&#8220; scene_position=&#8220;center&#8220; text_color=&#8220;dark&#8220; text_align=&#8220;left&#8220; row_border_radius=&#8220;none&#8220; row_border_radius_applies=&#8220;bg&#8220; overlay_strength=&#8220;0.3&#8243; gradient_direction=&#8220;left_to_right&#8220; shape_divider_position=&#8220;bottom&#8220; bg_image_animation=&#8220;none&#8220;][vc_column column_padding=&#8220;no-extra-padding&#8220; column_padding_tablet=&#8220;inherit&#8220; column_padding_phone=&#8220;inherit&#8220; column_padding_position=&#8220;all&#8220; background_color_opacity=&#8220;1&#8243; background_hover_color_opacity=&#8220;1&#8243; column_shadow=&#8220;none&#8220; column_border_radius=&#8220;none&#8220; column_link_target=&#8220;_self&#8220;&#8230;<\/p>\n","protected":false},"author":4,"featured_media":6692,"comment_status":"closed","ping_status":"closed","sticky":false,"template":"","format":"standard","meta":{"inline_featured_image":false},"categories":[115],"tags":[217,229,195,233,193,235],"_links":{"self":[{"href":"https:\/\/newsletter.deutschesoccerliga.de\/index.php\/wp-json\/wp\/v2\/posts\/6665"}],"collection":[{"href":"https:\/\/newsletter.deutschesoccerliga.de\/index.php\/wp-json\/wp\/v2\/posts"}],"about":[{"href":"https:\/\/newsletter.deutschesoccerliga.de\/index.php\/wp-json\/wp\/v2\/types\/post"}],"author":[{"embeddable":true,"href":"https:\/\/newsletter.deutschesoccerliga.de\/index.php\/wp-json\/wp\/v2\/users\/4"}],"replies":[{"embeddable":true,"href":"https:\/\/newsletter.deutschesoccerliga.de\/index.php\/wp-json\/wp\/v2\/comments?post=6665"}],"version-history":[{"count":15,"href":"https:\/\/newsletter.deutschesoccerliga.de\/index.php\/wp-json\/wp\/v2\/posts\/6665\/revisions"}],"predecessor-version":[{"id":6700,"href":"https:\/\/newsletter.deutschesoccerliga.de\/index.php\/wp-json\/wp\/v2\/posts\/6665\/revisions\/6700"}],"wp:featuredmedia":[{"embeddable":true,"href":"https:\/\/newsletter.deutschesoccerliga.de\/index.php\/wp-json\/wp\/v2\/media\/6692"}],"wp:attachment":[{"href":"https:\/\/newsletter.deutschesoccerliga.de\/index.php\/wp-json\/wp\/v2\/media?parent=6665"}],"wp:term":[{"taxonomy":"category","embeddable":true,"href":"https:\/\/newsletter.deutschesoccerliga.de\/index.php\/wp-json\/wp\/v2\/categories?post=6665"},{"taxonomy":"post_tag","embeddable":true,"href":"https:\/\/newsletter.deutschesoccerliga.de\/index.php\/wp-json\/wp\/v2\/tags?post=6665"}],"curies":[{"name":"wp","href":"https:\/\/api.w.org\/{rel}","templated":true}]}}