{"id":6761,"date":"2021-09-21T14:20:26","date_gmt":"2021-09-21T12:20:26","guid":{"rendered":"https:\/\/newsletter.deutschesoccerliga.de\/?p=6761"},"modified":"2021-09-21T14:20:26","modified_gmt":"2021-09-21T12:20:26","slug":"mit-begeisterung-ins-neue-schuljahr","status":"publish","type":"post","link":"https:\/\/newsletter.deutschesoccerliga.de\/index.php\/2021\/09\/21\/mit-begeisterung-ins-neue-schuljahr\/","title":{"rendered":"Mit Begeisterung ins neue Schuljahr!"},"content":{"rendered":"[vc_row type=&#8220;in_container&#8220; full_screen_row_position=&#8220;middle&#8220; column_margin=&#8220;default&#8220; column_direction=&#8220;default&#8220; column_direction_tablet=&#8220;default&#8220; column_direction_phone=&#8220;default&#8220; scene_position=&#8220;center&#8220; text_color=&#8220;dark&#8220; text_align=&#8220;left&#8220; row_border_radius=&#8220;none&#8220; row_border_radius_applies=&#8220;bg&#8220; overlay_strength=&#8220;0.3&#8243; gradient_direction=&#8220;left_to_right&#8220; shape_divider_position=&#8220;bottom&#8220; bg_image_animation=&#8220;none&#8220;][vc_column column_padding=&#8220;no-extra-padding&#8220; column_padding_tablet=&#8220;inherit&#8220; column_padding_phone=&#8220;inherit&#8220; column_padding_position=&#8220;all&#8220; column_element_spacing=&#8220;default&#8220; background_color_opacity=&#8220;1&#8243; background_hover_color_opacity=&#8220;1&#8243; column_shadow=&#8220;none&#8220; column_border_radius=&#8220;none&#8220; column_link_target=&#8220;_self&#8220; gradient_direction=&#8220;left_to_right&#8220; overlay_strength=&#8220;0.3&#8243; width=&#8220;1\/1&#8243; tablet_width_inherit=&#8220;default&#8220; tablet_text_alignment=&#8220;default&#8220; phone_text_alignment=&#8220;default&#8220; bg_image_animation=&#8220;none&#8220; border_type=&#8220;simple&#8220; column_border_width=&#8220;none&#8220; column_border_style=&#8220;solid&#8220;][vc_gallery type=&#8220;nectarslider_style&#8220; images=&#8220;6765,6766,6803&#8243; image_loading=&#8220;default&#8220; bullet_navigation=&#8220;true&#8220; bullet_navigation_style=&#8220;see_through_ar_visualized&#8220; onclick=&#8220;link_no&#8220;][\/vc_column][\/vc_row][vc_row type=&#8220;in_container&#8220; full_screen_row_position=&#8220;middle&#8220; column_margin=&#8220;default&#8220; column_direction=&#8220;default&#8220; column_direction_tablet=&#8220;default&#8220; column_direction_phone=&#8220;default&#8220; scene_position=&#8220;center&#8220; text_color=&#8220;dark&#8220; text_align=&#8220;left&#8220; row_border_radius=&#8220;none&#8220; row_border_radius_applies=&#8220;bg&#8220; overlay_strength=&#8220;0.3&#8243; gradient_direction=&#8220;left_to_right&#8220; shape_divider_position=&#8220;bottom&#8220; bg_image_animation=&#8220;none&#8220; shape_type=&#8220;&#8220;][vc_column column_padding=&#8220;no-extra-padding&#8220; column_padding_tablet=&#8220;inherit&#8220; column_padding_phone=&#8220;inherit&#8220; column_padding_position=&#8220;all&#8220; column_element_spacing=&#8220;default&#8220; background_color_opacity=&#8220;1&#8243; background_hover_color_opacity=&#8220;1&#8243; column_shadow=&#8220;none&#8220; column_border_radius=&#8220;none&#8220; column_link_target=&#8220;_self&#8220; gradient_direction=&#8220;left_to_right&#8220; overlay_strength=&#8220;0.3&#8243; width=&#8220;1\/1&#8243; tablet_width_inherit=&#8220;default&#8220; tablet_text_alignment=&#8220;default&#8220; phone_text_alignment=&#8220;default&#8220; bg_image_animation=&#8220;none&#8220; border_type=&#8220;simple&#8220; column_border_width=&#8220;none&#8220; column_border_style=&#8220;solid&#8220;][vc_column_text]<strong>Chancen Erkennen, Kompetenzen St\u00e4rken \u2013 das pr\u00e4ventive Projekt CEKS startet in das neue Schuljahr!<\/strong>[\/vc_column_text][vc_column_text]\n<p align=\"justify\">Nachdem das vergangene Schuljahr \u00fcberwiegend durch Homeschooling im digitalen Distanzunterricht gepr\u00e4gt war, freuen sich die Projektverantwortlichen im neuen Jahr mit den Sch\u00fcler*innen pers\u00f6nlich durchzustarten und den Zusammenhalt innerhalb des Klassenteams gemeinsam zu st\u00e4rken. Das Projekt wird aus Mitteln des Europ\u00e4ischen Sozialfonds sowie des Freistaats Th\u00fcringen gef\u00f6rdert und endet in dieser F\u00f6rderperiode mit dem kommenden Schuljahr im Juli 2022.<\/p>\n<p align=\"justify\">Die unterschiedlichen Projektbausteine sind sowohl pr\u00e4ventiv als auch intervenierend angelegt und verfolgen das Ziel, Schubabsentismus zu reduzieren. Ein gutes Ankommen in der weiterf\u00fchrenden Schule, das Wohlbefinden innerhalb der Klasse, eine gelungene Kommunikation untereinander sowie das Lernen lernen bilden die Grundlage des CEKS-Projektes <em>(Chancen erkennen, Kompetenzen st\u00e4rken). <\/em>Diese Bestandteile f\u00f6rdern eine l\u00fcckenlose Bildungslaufbahn und sind somit elementar in der Entgegnungsarbeit gegen Schulabsentismus. Dieses wird in den 5.\/6. Klassen der Partnerschulen (Th\u00fcringer Gemeinschaftsschule am Roten Berg Erfurt, Regelschule \u201eLudwig Bechstein\u201c Arnstadt und Regelschule \u201eAndreas Reyer\u201c Gotha) durchgef\u00fchrt.<\/p>\n<p align=\"justify\">Darauf aufbauend und erg\u00e4nzend zum Medienkonzept der Schulen, tr\u00e4gt der Projektbaustein <em>CEKS 2.0<\/em> in den Klassenstufen 6, 7 oder 8 dem stetig wachsenden Bedarf Rechnung, die Medienkompetenz der Sch\u00fcler*innen zu f\u00f6rdern und sie f\u00fcr Gefahren im Netz zu sensibilisieren. Sch\u00fcler*innen, die bereits schulabsentes Verhalten zeigen, werden durch die Projektbausteine \u201eDein Weg\u201c und \u201eStartblock\u201c dabei unterst\u00fctzt, zur\u00fcck in den Schulalltag zu finden und Ankn\u00fcpfungspunkte an den aktuellen Unterrichtsstoff zu schaffen.<\/p>\n<p align=\"justify\">Schule als soziales System setzt ein hohes Ma\u00df an Netzwerkarbeit mit den Verantwortlichen vor Ort voraus. Ein regelm\u00e4\u00dfiger Austausch, Vorstellung des Projektes in Elternabenden und Dienstberatungen, ein Angebot von internen projektspezifischen Fortbildungen (zum Beispiel aktuell zum Thema <em>Cybergrooming<\/em>), Einbindung der Sorgeberechtigten an einzelnen Projekttagen oder auch Supervisionsangebote sind essentiell f\u00fcr eine umfassende, erfolgreiche Umsetzung des Projektes.<\/p>\n[\/vc_column_text][\/vc_column][\/vc_row]\n","protected":false},"excerpt":{"rendered":"<p>[vc_row type=&#8220;in_container&#8220; full_screen_row_position=&#8220;middle&#8220; column_margin=&#8220;default&#8220; column_direction=&#8220;default&#8220; column_direction_tablet=&#8220;default&#8220; column_direction_phone=&#8220;default&#8220; scene_position=&#8220;center&#8220; text_color=&#8220;dark&#8220; text_align=&#8220;left&#8220; row_border_radius=&#8220;none&#8220; row_border_radius_applies=&#8220;bg&#8220; overlay_strength=&#8220;0.3&#8243; gradient_direction=&#8220;left_to_right&#8220; shape_divider_position=&#8220;bottom&#8220; bg_image_animation=&#8220;none&#8220;][vc_column column_padding=&#8220;no-extra-padding&#8220; column_padding_tablet=&#8220;inherit&#8220; column_padding_phone=&#8220;inherit&#8220; column_padding_position=&#8220;all&#8220; column_element_spacing=&#8220;default&#8220; background_color_opacity=&#8220;1&#8243; background_hover_color_opacity=&#8220;1&#8243; column_shadow=&#8220;none&#8220; column_border_radius=&#8220;none&#8220;&#8230;<\/p>\n","protected":false},"author":4,"featured_media":6805,"comment_status":"closed","ping_status":"closed","sticky":false,"template":"","format":"standard","meta":{"inline_featured_image":false},"categories":[115],"tags":[217,229,233,187,135,235],"_links":{"self":[{"href":"https:\/\/newsletter.deutschesoccerliga.de\/index.php\/wp-json\/wp\/v2\/posts\/6761"}],"collection":[{"href":"https:\/\/newsletter.deutschesoccerliga.de\/index.php\/wp-json\/wp\/v2\/posts"}],"about":[{"href":"https:\/\/newsletter.deutschesoccerliga.de\/index.php\/wp-json\/wp\/v2\/types\/post"}],"author":[{"embeddable":true,"href":"https:\/\/newsletter.deutschesoccerliga.de\/index.php\/wp-json\/wp\/v2\/users\/4"}],"replies":[{"embeddable":true,"href":"https:\/\/newsletter.deutschesoccerliga.de\/index.php\/wp-json\/wp\/v2\/comments?post=6761"}],"version-history":[{"count":9,"href":"https:\/\/newsletter.deutschesoccerliga.de\/index.php\/wp-json\/wp\/v2\/posts\/6761\/revisions"}],"predecessor-version":[{"id":6816,"href":"https:\/\/newsletter.deutschesoccerliga.de\/index.php\/wp-json\/wp\/v2\/posts\/6761\/revisions\/6816"}],"wp:featuredmedia":[{"embeddable":true,"href":"https:\/\/newsletter.deutschesoccerliga.de\/index.php\/wp-json\/wp\/v2\/media\/6805"}],"wp:attachment":[{"href":"https:\/\/newsletter.deutschesoccerliga.de\/index.php\/wp-json\/wp\/v2\/media?parent=6761"}],"wp:term":[{"taxonomy":"category","embeddable":true,"href":"https:\/\/newsletter.deutschesoccerliga.de\/index.php\/wp-json\/wp\/v2\/categories?post=6761"},{"taxonomy":"post_tag","embeddable":true,"href":"https:\/\/newsletter.deutschesoccerliga.de\/index.php\/wp-json\/wp\/v2\/tags?post=6761"}],"curies":[{"name":"wp","href":"https:\/\/api.w.org\/{rel}","templated":true}]}}