{"id":6764,"date":"2021-09-21T14:23:40","date_gmt":"2021-09-21T12:23:40","guid":{"rendered":"https:\/\/newsletter.deutschesoccerliga.de\/?p=6764"},"modified":"2021-09-21T16:27:55","modified_gmt":"2021-09-21T14:27:55","slug":"auf-die-dosen-fertig-los","status":"publish","type":"post","link":"https:\/\/newsletter.deutschesoccerliga.de\/index.php\/2021\/09\/21\/auf-die-dosen-fertig-los\/","title":{"rendered":"Auf die Dosen, fertig, los!"},"content":{"rendered":"[vc_row type=&#8220;in_container&#8220; full_screen_row_position=&#8220;middle&#8220; column_margin=&#8220;default&#8220; column_direction=&#8220;default&#8220; column_direction_tablet=&#8220;default&#8220; column_direction_phone=&#8220;default&#8220; scene_position=&#8220;center&#8220; text_color=&#8220;dark&#8220; text_align=&#8220;left&#8220; row_border_radius=&#8220;none&#8220; row_border_radius_applies=&#8220;bg&#8220; overlay_strength=&#8220;0.3&#8243; gradient_direction=&#8220;left_to_right&#8220; shape_divider_position=&#8220;bottom&#8220; bg_image_animation=&#8220;none&#8220;][vc_column column_padding=&#8220;no-extra-padding&#8220; column_padding_tablet=&#8220;inherit&#8220; column_padding_phone=&#8220;inherit&#8220; column_padding_position=&#8220;all&#8220; column_element_spacing=&#8220;default&#8220; background_color_opacity=&#8220;1&#8243; background_hover_color_opacity=&#8220;1&#8243; column_shadow=&#8220;none&#8220; column_border_radius=&#8220;none&#8220; column_link_target=&#8220;_self&#8220; gradient_direction=&#8220;left_to_right&#8220; overlay_strength=&#8220;0.3&#8243; width=&#8220;1\/1&#8243; tablet_width_inherit=&#8220;default&#8220; tablet_text_alignment=&#8220;default&#8220; phone_text_alignment=&#8220;default&#8220; bg_image_animation=&#8220;none&#8220; border_type=&#8220;simple&#8220; column_border_width=&#8220;none&#8220; column_border_style=&#8220;solid&#8220;][vc_gallery type=&#8220;nectarslider_style&#8220; images=&#8220;6768,6770,6769&#8243; image_loading=&#8220;default&#8220; bullet_navigation=&#8220;true&#8220; bullet_navigation_style=&#8220;see_through_ar_visualized&#8220; onclick=&#8220;link_no&#8220;][\/vc_column][\/vc_row][vc_row type=&#8220;in_container&#8220; full_screen_row_position=&#8220;middle&#8220; column_margin=&#8220;default&#8220; column_direction=&#8220;default&#8220; column_direction_tablet=&#8220;default&#8220; column_direction_phone=&#8220;default&#8220; scene_position=&#8220;center&#8220; text_color=&#8220;dark&#8220; text_align=&#8220;left&#8220; row_border_radius=&#8220;none&#8220; row_border_radius_applies=&#8220;bg&#8220; overlay_strength=&#8220;0.3&#8243; gradient_direction=&#8220;left_to_right&#8220; shape_divider_position=&#8220;bottom&#8220; bg_image_animation=&#8220;none&#8220; shape_type=&#8220;&#8220;][vc_column column_padding=&#8220;no-extra-padding&#8220; column_padding_tablet=&#8220;inherit&#8220; column_padding_phone=&#8220;inherit&#8220; column_padding_position=&#8220;all&#8220; column_element_spacing=&#8220;default&#8220; background_color_opacity=&#8220;1&#8243; background_hover_color_opacity=&#8220;1&#8243; column_shadow=&#8220;none&#8220; column_border_radius=&#8220;none&#8220; column_link_target=&#8220;_self&#8220; gradient_direction=&#8220;left_to_right&#8220; overlay_strength=&#8220;0.3&#8243; width=&#8220;1\/1&#8243; tablet_width_inherit=&#8220;default&#8220; tablet_text_alignment=&#8220;default&#8220; phone_text_alignment=&#8220;default&#8220; bg_image_animation=&#8220;none&#8220; border_type=&#8220;simple&#8220; column_border_width=&#8220;none&#8220; column_border_style=&#8220;solid&#8220;][vc_column_text]<strong>Farbe FAIRspr\u00fchen geht in die praktische Umsetzung!<\/strong>[\/vc_column_text][vc_column_text]\n<p align=\"justify\">Seit November 2020 treffen sich die Teilnehmenden des Projektes <em>Farbe FAIRspr\u00fchen<\/em> mit dem Ziel, ein Graffiti-Motiv f\u00fcr die Au\u00dfenfassade des Lagergeb\u00e4udes der Deutschen Soccer Liga zu gestalten. Die Leitidee f\u00fcr das Endergebnis zeichneten sich aus dem f\u00fcr die Deutsche Soccer Liga zentralem Gedanken, n\u00e4mlich dem FAIR PLAY. Die beteiligten Jugendlichen n\u00e4herten sich im ersten Schritt theoretisch der FAIR PLAY-Thematik und erprobten danach verschiedene Graffiti-Techniken. Somit konnte das verinnerlichte Wissen eine symbolische und k\u00fcnstlerische Umsetzung durch eigene kreative Interpretation der Jugendlichen finden.<\/p>\n<p align=\"justify\">Durch die Corona-Pandemie und den damit einhergehenden Einschr\u00e4nkungen kam es zu einigen Verz\u00f6gerungen, aber am 16. August konnte die praktische Umsetzung endlich beginnen. Das kreative \u201eSpr\u00fchzepter\u201c lag in der Hand eines Graffiti-K\u00fcnstlers, der die Teilnehmenden mit seinem K\u00f6nnen unterst\u00fctzt und bei der Umsetzung angeleitet hat. Den feierlichen ersten Spr\u00fcher mit der Dose setzte dabei Thomas Jacob vom Th\u00fcringer Oberlandesgericht (ThOLG):<\/p>\n<p align=\"justify\"><em>&#8222;Es war ein nicht ganz allt\u00e4glicher Termin, der mich zur Deutschen Soccer Liga an diesem Tag f\u00fchrte. Ich sollte den ersten Strich zu einem gro\u00dfen Wandbild ziehen. Aber nicht wie man vielleicht denken mag mit einem Pinsel. Nein, unter der professionellen Anleitung eines Meisters seiner Kunst, durfte ich den Beginn eines Graffitis aufspr\u00fchen. Das Bild wird in den n\u00e4chsten Wochen von jungen Menschen auf die Wand eines Geb\u00e4udeteils aufgetragen. Das Besondere daran ist f\u00fcr mich, dass die jungen Menschen aus einem Projekt der Straff\u00e4lligenhilfe heraus dies ehrenamtlich tun. Sie haben gelernt sich mit der Thematik Graffiti zu besch\u00e4ftigen, haben Pl\u00e4ne gemacht und wollen es nun umsetzen. Ich sp\u00fcre die Blicke der Anwesenden, die mich als Anzugstr\u00e4ger etwas skeptisch be\u00e4ugen. Ein gro\u00dfe wei\u00dfe Wand und ich darf den ersten Spray setzen! Etwas z\u00f6gerlich setze ich an und ziehe den ersten Strich. Es war leichter als gedacht und die Erleichterung ist nicht nur mir anzusehen. Ich w\u00fcnsche den Teilnehmerinnen und Teilnehmern viel Erfolg bei der Umsetzung dieses entstehenden Bildes. Ich danke der Deutschen Soccer Liga f\u00fcr diese Idee und den Mut solch ein Projekt umzusetzen. Ich freue mich schon darauf, das fertige Meisterwerk bewundern zu d\u00fcrfen.&#8220; \u00a0<\/em><\/p>\n<p align=\"justify\">Die teilnehmenden Jugendlichen und Heranwachsenden, welche im Rahmen des Projektes <em>SELF \u2013 Mein Weg<\/em> gemeinn\u00fctzige Arbeitsstunden bei der Deutschen Soccer Liga verrichtet haben, engagieren sich in diesem Fortf\u00fchrungsprojekt ehrenamtlich.<\/p>\n[\/vc_column_text][\/vc_column][\/vc_row]\n","protected":false},"excerpt":{"rendered":"<p>[vc_row type=&#8220;in_container&#8220; full_screen_row_position=&#8220;middle&#8220; column_margin=&#8220;default&#8220; column_direction=&#8220;default&#8220; column_direction_tablet=&#8220;default&#8220; column_direction_phone=&#8220;default&#8220; scene_position=&#8220;center&#8220; text_color=&#8220;dark&#8220; text_align=&#8220;left&#8220; row_border_radius=&#8220;none&#8220; row_border_radius_applies=&#8220;bg&#8220; overlay_strength=&#8220;0.3&#8243; gradient_direction=&#8220;left_to_right&#8220; shape_divider_position=&#8220;bottom&#8220; bg_image_animation=&#8220;none&#8220;][vc_column column_padding=&#8220;no-extra-padding&#8220; column_padding_tablet=&#8220;inherit&#8220; column_padding_phone=&#8220;inherit&#8220; column_padding_position=&#8220;all&#8220; column_element_spacing=&#8220;default&#8220; background_color_opacity=&#8220;1&#8243; background_hover_color_opacity=&#8220;1&#8243; column_shadow=&#8220;none&#8220; column_border_radius=&#8220;none&#8220;&#8230;<\/p>\n","protected":false},"author":4,"featured_media":6808,"comment_status":"closed","ping_status":"closed","sticky":false,"template":"","format":"standard","meta":{"inline_featured_image":false},"categories":[115],"tags":[217,229,189,289,235],"_links":{"self":[{"href":"https:\/\/newsletter.deutschesoccerliga.de\/index.php\/wp-json\/wp\/v2\/posts\/6764"}],"collection":[{"href":"https:\/\/newsletter.deutschesoccerliga.de\/index.php\/wp-json\/wp\/v2\/posts"}],"about":[{"href":"https:\/\/newsletter.deutschesoccerliga.de\/index.php\/wp-json\/wp\/v2\/types\/post"}],"author":[{"embeddable":true,"href":"https:\/\/newsletter.deutschesoccerliga.de\/index.php\/wp-json\/wp\/v2\/users\/4"}],"replies":[{"embeddable":true,"href":"https:\/\/newsletter.deutschesoccerliga.de\/index.php\/wp-json\/wp\/v2\/comments?post=6764"}],"version-history":[{"count":9,"href":"https:\/\/newsletter.deutschesoccerliga.de\/index.php\/wp-json\/wp\/v2\/posts\/6764\/revisions"}],"predecessor-version":[{"id":6822,"href":"https:\/\/newsletter.deutschesoccerliga.de\/index.php\/wp-json\/wp\/v2\/posts\/6764\/revisions\/6822"}],"wp:featuredmedia":[{"embeddable":true,"href":"https:\/\/newsletter.deutschesoccerliga.de\/index.php\/wp-json\/wp\/v2\/media\/6808"}],"wp:attachment":[{"href":"https:\/\/newsletter.deutschesoccerliga.de\/index.php\/wp-json\/wp\/v2\/media?parent=6764"}],"wp:term":[{"taxonomy":"category","embeddable":true,"href":"https:\/\/newsletter.deutschesoccerliga.de\/index.php\/wp-json\/wp\/v2\/categories?post=6764"},{"taxonomy":"post_tag","embeddable":true,"href":"https:\/\/newsletter.deutschesoccerliga.de\/index.php\/wp-json\/wp\/v2\/tags?post=6764"}],"curies":[{"name":"wp","href":"https:\/\/api.w.org\/{rel}","templated":true}]}}