{"id":6823,"date":"2021-11-05T11:57:48","date_gmt":"2021-11-05T10:57:48","guid":{"rendered":"https:\/\/newsletter.deutschesoccerliga.de\/?p=6823"},"modified":"2021-11-05T12:09:17","modified_gmt":"2021-11-05T11:09:17","slug":"der-paritaetische-ehrenamtspreis-2021-fuer-farbe-fairspruehen","status":"publish","type":"post","link":"https:\/\/newsletter.deutschesoccerliga.de\/index.php\/2021\/11\/05\/der-paritaetische-ehrenamtspreis-2021-fuer-farbe-fairspruehen\/","title":{"rendered":"Der Parit\u00e4tische Ehrenamtspreis 2021 f\u00fcr &#8222;Farbe FAIRspr\u00fchen&#8220;"},"content":{"rendered":"[vc_row type=&#8220;in_container&#8220; full_screen_row_position=&#8220;middle&#8220; column_margin=&#8220;default&#8220; column_direction=&#8220;default&#8220; column_direction_tablet=&#8220;default&#8220; column_direction_phone=&#8220;default&#8220; scene_position=&#8220;center&#8220; text_color=&#8220;dark&#8220; text_align=&#8220;left&#8220; row_border_radius=&#8220;none&#8220; row_border_radius_applies=&#8220;bg&#8220; overlay_strength=&#8220;0.3&#8243; gradient_direction=&#8220;left_to_right&#8220; shape_divider_position=&#8220;bottom&#8220; bg_image_animation=&#8220;none&#8220;][vc_column column_padding=&#8220;no-extra-padding&#8220; column_padding_tablet=&#8220;inherit&#8220; column_padding_phone=&#8220;inherit&#8220; column_padding_position=&#8220;all&#8220; column_element_spacing=&#8220;default&#8220; background_color_opacity=&#8220;1&#8243; background_hover_color_opacity=&#8220;1&#8243; column_shadow=&#8220;none&#8220; column_border_radius=&#8220;none&#8220; column_link_target=&#8220;_self&#8220; gradient_direction=&#8220;left_to_right&#8220; overlay_strength=&#8220;0.3&#8243; width=&#8220;1\/1&#8243; tablet_width_inherit=&#8220;default&#8220; tablet_text_alignment=&#8220;default&#8220; phone_text_alignment=&#8220;default&#8220; bg_image_animation=&#8220;none&#8220; border_type=&#8220;simple&#8220; column_border_width=&#8220;none&#8220; column_border_style=&#8220;solid&#8220;][vc_gallery type=&#8220;nectarslider_style&#8220; images=&#8220;6844&#8243; image_loading=&#8220;default&#8220; bullet_navigation=&#8220;true&#8220; bullet_navigation_style=&#8220;see_through_ar_visualized&#8220; onclick=&#8220;link_no&#8220;][\/vc_column][\/vc_row][vc_row type=&#8220;in_container&#8220; full_screen_row_position=&#8220;middle&#8220; column_margin=&#8220;default&#8220; column_direction=&#8220;default&#8220; column_direction_tablet=&#8220;default&#8220; column_direction_phone=&#8220;default&#8220; scene_position=&#8220;center&#8220; text_color=&#8220;dark&#8220; text_align=&#8220;left&#8220; row_border_radius=&#8220;none&#8220; row_border_radius_applies=&#8220;bg&#8220; overlay_strength=&#8220;0.3&#8243; gradient_direction=&#8220;left_to_right&#8220; shape_divider_position=&#8220;bottom&#8220; bg_image_animation=&#8220;none&#8220; shape_type=&#8220;&#8220;][vc_column column_padding=&#8220;no-extra-padding&#8220; column_padding_tablet=&#8220;inherit&#8220; column_padding_phone=&#8220;inherit&#8220; column_padding_position=&#8220;all&#8220; column_element_spacing=&#8220;default&#8220; background_color_opacity=&#8220;1&#8243; background_hover_color_opacity=&#8220;1&#8243; column_shadow=&#8220;none&#8220; column_border_radius=&#8220;none&#8220; column_link_target=&#8220;_self&#8220; gradient_direction=&#8220;left_to_right&#8220; overlay_strength=&#8220;0.3&#8243; width=&#8220;1\/1&#8243; tablet_width_inherit=&#8220;default&#8220; tablet_text_alignment=&#8220;default&#8220; phone_text_alignment=&#8220;default&#8220; bg_image_animation=&#8220;none&#8220; border_type=&#8220;simple&#8220; column_border_width=&#8220;none&#8220; column_border_style=&#8220;solid&#8220;][vc_column_text]\n<p align=\"justify\">Das Graffiti-Projekt <strong>Farbe FAIRspr\u00fchen <\/strong>erhielt am 14.10.2021 den Parit\u00e4tischen Ehrenamtspreis 2021 des Parit\u00e4tischen Th\u00fcringen in der Kategorie Corona.<\/p>\n[\/vc_column_text][vc_column_text]\n<p align=\"justify\">Ein Jahr lang traf sich die Gruppe junger Menschen, um sich in Seminaren mit dem Thema FAIRPLAY auseinanderzusetzen, ein <a href=\"https:\/\/newsletter.deutschesoccerliga.de\/index.php\/2021\/09\/21\/auf-die-dosen-fertig-los\/\">Graffiti-Motiv<\/a> unter diesem Wahrzeichen zu entwerfen und im Zeitraum August bis Oktober dieses dann auch an die Wand zu bringen. Schon alleine die Existenz dieser Gruppe, bestehend aus jungen Menschen, welche in der Vergangenheit gemeinn\u00fctzige Arbeitsstunden bei der Deutschen Soccer Liga verrichtet haben und sich nun ehrenamtlich bei dem Bildungstr\u00e4ger engagieren, ist als ein beachtlicher Erfolg zu sehen. Die zus\u00e4tzlich dazu bewiesene eiserne Geduld und die nicht zu b\u00e4ndigende Motivation der Teilnehmenden w\u00e4hrend dieser au\u00dfergew\u00f6hnlichen, von Lockdowns gepr\u00e4gten Zeit, erkannte und wertsch\u00e4tzte nicht nur die Deutsche Soccer Liga, sondern auch der Parit\u00e4tische Th\u00fcringen und machte das Projekt zum Preistr\u00e4ger des Parit\u00e4tischen Ehrenamtspreises 2021. In der Stadthalle in Gotha konnten die Projektteilnehmenden dann selbst den Preis am 14.10.21 in einem w\u00fcrdigen Rahmen gemeinsam mit der Pr\u00e4sidentin der Deutschen Soccer Liga und der Projektverantwortlichen entgegennehmen.<\/p>\n[\/vc_column_text][\/vc_column][\/vc_row]\n","protected":false},"excerpt":{"rendered":"<p>[vc_row type=&#8220;in_container&#8220; full_screen_row_position=&#8220;middle&#8220; column_margin=&#8220;default&#8220; column_direction=&#8220;default&#8220; column_direction_tablet=&#8220;default&#8220; column_direction_phone=&#8220;default&#8220; scene_position=&#8220;center&#8220; text_color=&#8220;dark&#8220; text_align=&#8220;left&#8220; row_border_radius=&#8220;none&#8220; row_border_radius_applies=&#8220;bg&#8220; overlay_strength=&#8220;0.3&#8243; gradient_direction=&#8220;left_to_right&#8220; shape_divider_position=&#8220;bottom&#8220; bg_image_animation=&#8220;none&#8220;][vc_column column_padding=&#8220;no-extra-padding&#8220; column_padding_tablet=&#8220;inherit&#8220; column_padding_phone=&#8220;inherit&#8220; column_padding_position=&#8220;all&#8220; column_element_spacing=&#8220;default&#8220; background_color_opacity=&#8220;1&#8243; background_hover_color_opacity=&#8220;1&#8243; column_shadow=&#8220;none&#8220; column_border_radius=&#8220;none&#8220;&#8230;<\/p>\n","protected":false},"author":4,"featured_media":6883,"comment_status":"closed","ping_status":"closed","sticky":false,"template":"","format":"standard","meta":{"inline_featured_image":false},"categories":[117],"tags":[217,301,189,299,235],"_links":{"self":[{"href":"https:\/\/newsletter.deutschesoccerliga.de\/index.php\/wp-json\/wp\/v2\/posts\/6823"}],"collection":[{"href":"https:\/\/newsletter.deutschesoccerliga.de\/index.php\/wp-json\/wp\/v2\/posts"}],"about":[{"href":"https:\/\/newsletter.deutschesoccerliga.de\/index.php\/wp-json\/wp\/v2\/types\/post"}],"author":[{"embeddable":true,"href":"https:\/\/newsletter.deutschesoccerliga.de\/index.php\/wp-json\/wp\/v2\/users\/4"}],"replies":[{"embeddable":true,"href":"https:\/\/newsletter.deutschesoccerliga.de\/index.php\/wp-json\/wp\/v2\/comments?post=6823"}],"version-history":[{"count":10,"href":"https:\/\/newsletter.deutschesoccerliga.de\/index.php\/wp-json\/wp\/v2\/posts\/6823\/revisions"}],"predecessor-version":[{"id":6873,"href":"https:\/\/newsletter.deutschesoccerliga.de\/index.php\/wp-json\/wp\/v2\/posts\/6823\/revisions\/6873"}],"wp:featuredmedia":[{"embeddable":true,"href":"https:\/\/newsletter.deutschesoccerliga.de\/index.php\/wp-json\/wp\/v2\/media\/6883"}],"wp:attachment":[{"href":"https:\/\/newsletter.deutschesoccerliga.de\/index.php\/wp-json\/wp\/v2\/media?parent=6823"}],"wp:term":[{"taxonomy":"category","embeddable":true,"href":"https:\/\/newsletter.deutschesoccerliga.de\/index.php\/wp-json\/wp\/v2\/categories?post=6823"},{"taxonomy":"post_tag","embeddable":true,"href":"https:\/\/newsletter.deutschesoccerliga.de\/index.php\/wp-json\/wp\/v2\/tags?post=6823"}],"curies":[{"name":"wp","href":"https:\/\/api.w.org\/{rel}","templated":true}]}}