{"id":6893,"date":"2021-12-03T09:08:08","date_gmt":"2021-12-03T08:08:08","guid":{"rendered":"https:\/\/newsletter.deutschesoccerliga.de\/?p=6893"},"modified":"2021-12-03T09:23:16","modified_gmt":"2021-12-03T08:23:16","slug":"13-ausgabe-des-shakehands-magazins","status":"publish","type":"post","link":"https:\/\/newsletter.deutschesoccerliga.de\/index.php\/2021\/12\/03\/13-ausgabe-des-shakehands-magazins\/","title":{"rendered":"13. Ausgabe des SHAKEHANDS\u00ae-Magazins"},"content":{"rendered":"[vc_row type=&#8220;in_container&#8220; full_screen_row_position=&#8220;middle&#8220; column_margin=&#8220;default&#8220; column_direction=&#8220;default&#8220; column_direction_tablet=&#8220;default&#8220; column_direction_phone=&#8220;default&#8220; scene_position=&#8220;center&#8220; text_color=&#8220;dark&#8220; text_align=&#8220;left&#8220; row_border_radius=&#8220;none&#8220; row_border_radius_applies=&#8220;bg&#8220; overlay_strength=&#8220;0.3&#8243; gradient_direction=&#8220;left_to_right&#8220; shape_divider_position=&#8220;bottom&#8220; bg_image_animation=&#8220;none&#8220;][vc_column column_padding=&#8220;no-extra-padding&#8220; column_padding_tablet=&#8220;inherit&#8220; column_padding_phone=&#8220;inherit&#8220; column_padding_position=&#8220;all&#8220; column_element_spacing=&#8220;default&#8220; background_color_opacity=&#8220;1&#8243; background_hover_color_opacity=&#8220;1&#8243; column_shadow=&#8220;none&#8220; column_border_radius=&#8220;none&#8220; column_link_target=&#8220;_self&#8220; gradient_direction=&#8220;left_to_right&#8220; overlay_strength=&#8220;0.3&#8243; width=&#8220;1\/1&#8243; tablet_width_inherit=&#8220;default&#8220; tablet_text_alignment=&#8220;default&#8220; phone_text_alignment=&#8220;default&#8220; bg_image_animation=&#8220;none&#8220; border_type=&#8220;simple&#8220; column_border_width=&#8220;none&#8220; column_border_style=&#8220;solid&#8220;][vc_gallery type=&#8220;nectarslider_style&#8220; images=&#8220;6928&#8243; image_loading=&#8220;default&#8220; bullet_navigation=&#8220;true&#8220; bullet_navigation_style=&#8220;see_through_ar_visualized&#8220; onclick=&#8220;link_no&#8220;][\/vc_column][\/vc_row][vc_row type=&#8220;in_container&#8220; full_screen_row_position=&#8220;middle&#8220; column_margin=&#8220;default&#8220; column_direction=&#8220;default&#8220; column_direction_tablet=&#8220;default&#8220; column_direction_phone=&#8220;default&#8220; scene_position=&#8220;center&#8220; text_color=&#8220;dark&#8220; text_align=&#8220;left&#8220; row_border_radius=&#8220;none&#8220; row_border_radius_applies=&#8220;bg&#8220; overlay_strength=&#8220;0.3&#8243; gradient_direction=&#8220;left_to_right&#8220; shape_divider_position=&#8220;bottom&#8220; bg_image_animation=&#8220;none&#8220; shape_type=&#8220;&#8220;][vc_column column_padding=&#8220;no-extra-padding&#8220; column_padding_tablet=&#8220;inherit&#8220; column_padding_phone=&#8220;inherit&#8220; column_padding_position=&#8220;all&#8220; column_element_spacing=&#8220;default&#8220; background_color_opacity=&#8220;1&#8243; background_hover_color_opacity=&#8220;1&#8243; column_shadow=&#8220;none&#8220; column_border_radius=&#8220;none&#8220; column_link_target=&#8220;_self&#8220; gradient_direction=&#8220;left_to_right&#8220; overlay_strength=&#8220;0.3&#8243; width=&#8220;1\/1&#8243; tablet_width_inherit=&#8220;default&#8220; tablet_text_alignment=&#8220;default&#8220; phone_text_alignment=&#8220;default&#8220; bg_image_animation=&#8220;none&#8220; border_type=&#8220;simple&#8220; column_border_width=&#8220;none&#8220; column_border_style=&#8220;solid&#8220;][vc_column_text]\n<p align=\"justify\"><strong>Hinsehen \u2013 den Mensch als Menschen sehen.<\/strong><\/p>\n[\/vc_column_text][vc_column_text]\n<p align=\"justify\">Die druckfrische und aktuelle Ausgabe des vereinseigenen Magazins m\u00f6chten wir Ihnen w\u00e4rmstens empfehlen, sollten Sie tiefere Einblicke in das Wirken der Deutschen Soccer Liga w\u00fcnschen. Mit dem Titel \u201eHinsehen \u2013 Den Mensch als Menschen sehen!\u201c wird auf den Grundsatz des Vereins aufmerksam gemacht. In der Arbeit mit Kindern, Jugendlichen und (jungen) Erwachsenen begegnen wir oft Menschen, deren Weg nicht geradlinig verl\u00e4uft. So sind es unter anderem Sch\u00fcler*innen, die die Schule verweigern, oder junge straff\u00e4llige Erwachsene, die beispielsweise eine Strafe im Jugendarrest oder Vollzug antreten, mit denen wir zusammenkommen. Dabei darf der Dreh- und Angelpunkt jedoch nicht etwa der Fokus auf problembehaftetes Verhalten sein. Diese Sichtweise w\u00fcrde einem Menschen nicht gerecht werden. Uns ist es ein Anliegen, stets genauer hinzusehen und festzustellen, dass gezeigte Verhaltensformen \u2013 auch solche, die mitunter regelwidrig und menschenverachtend sind \u2013 nicht per se willk\u00fcrlich sein m\u00fcssen, sondern ebenso als Resultat aus Ohnmachtsempfindungen und \u00dcberforderungen angesehen werden k\u00f6nnen. Es geht hierbei nicht darum, solches Verhalten zu entschuldigen. Vielmehr muss es darum gehen, einen Zugang zu er\u00f6ffnen, der das gemeinsame Arbeiten mit den (jungen) Menschen zul\u00e4sst und schlie\u00dflich bewirken kann, dass gezeigte negative Verhaltensmuster reduziert werden. Nur, wenn wir einen Menschen als Summe all seiner\/ihrer Erfahrungen betrachten, kann es gelingen, zu verstehen, zu erkennen und (notwendige) Ver\u00e4nderungen zu erwirken.<\/p>\n<p align=\"justify\">Die 13. Ausgabe des SHAKEHANDS\u00ae-Magazins zeigt daher bildlich, wie der Verein unter dieser Ma\u00dfgabe ganz konkret arbeitet und in welchen Projekten diese Arbeitslogik im Jahr 2021 Anwendung fand. Wir freuen uns, Sie auf eine kleine Projektreise mitnehmen zu d\u00fcrfen. <a href=\"https:\/\/www.deutschesoccerliga.de\/inhalte\/1_verein\/6_presse\/dokumente\/Shakehands_Magazin_2021.pdf\">Die aktuelle Ausgabe<\/a> finden Sie online auf unserer Homepage.<\/p>\n<p align=\"justify\">Gern senden wir Ihnen auch eine Druckversion zu. Hierzu kontaktieren Sie uns gern unter: <a href=\"mailto:c.bernuth@deutschesoccerliga.de\">c.bernuth@deutschesoccerliga.de<\/a>!<\/p>\n[\/vc_column_text][\/vc_column][\/vc_row]\n","protected":false},"excerpt":{"rendered":"<p>[vc_row type=&#8220;in_container&#8220; full_screen_row_position=&#8220;middle&#8220; column_margin=&#8220;default&#8220; column_direction=&#8220;default&#8220; column_direction_tablet=&#8220;default&#8220; column_direction_phone=&#8220;default&#8220; scene_position=&#8220;center&#8220; text_color=&#8220;dark&#8220; text_align=&#8220;left&#8220; row_border_radius=&#8220;none&#8220; row_border_radius_applies=&#8220;bg&#8220; overlay_strength=&#8220;0.3&#8243; gradient_direction=&#8220;left_to_right&#8220; shape_divider_position=&#8220;bottom&#8220; bg_image_animation=&#8220;none&#8220;][vc_column column_padding=&#8220;no-extra-padding&#8220; column_padding_tablet=&#8220;inherit&#8220; column_padding_phone=&#8220;inherit&#8220; column_padding_position=&#8220;all&#8220; column_element_spacing=&#8220;default&#8220; background_color_opacity=&#8220;1&#8243; background_hover_color_opacity=&#8220;1&#8243; column_shadow=&#8220;none&#8220; column_border_radius=&#8220;none&#8220;&#8230;<\/p>\n","protected":false},"author":4,"featured_media":6948,"comment_status":"closed","ping_status":"closed","sticky":false,"template":"","format":"standard","meta":{"inline_featured_image":false},"categories":[115],"tags":[199,151],"_links":{"self":[{"href":"https:\/\/newsletter.deutschesoccerliga.de\/index.php\/wp-json\/wp\/v2\/posts\/6893"}],"collection":[{"href":"https:\/\/newsletter.deutschesoccerliga.de\/index.php\/wp-json\/wp\/v2\/posts"}],"about":[{"href":"https:\/\/newsletter.deutschesoccerliga.de\/index.php\/wp-json\/wp\/v2\/types\/post"}],"author":[{"embeddable":true,"href":"https:\/\/newsletter.deutschesoccerliga.de\/index.php\/wp-json\/wp\/v2\/users\/4"}],"replies":[{"embeddable":true,"href":"https:\/\/newsletter.deutschesoccerliga.de\/index.php\/wp-json\/wp\/v2\/comments?post=6893"}],"version-history":[{"count":9,"href":"https:\/\/newsletter.deutschesoccerliga.de\/index.php\/wp-json\/wp\/v2\/posts\/6893\/revisions"}],"predecessor-version":[{"id":6937,"href":"https:\/\/newsletter.deutschesoccerliga.de\/index.php\/wp-json\/wp\/v2\/posts\/6893\/revisions\/6937"}],"wp:featuredmedia":[{"embeddable":true,"href":"https:\/\/newsletter.deutschesoccerliga.de\/index.php\/wp-json\/wp\/v2\/media\/6948"}],"wp:attachment":[{"href":"https:\/\/newsletter.deutschesoccerliga.de\/index.php\/wp-json\/wp\/v2\/media?parent=6893"}],"wp:term":[{"taxonomy":"category","embeddable":true,"href":"https:\/\/newsletter.deutschesoccerliga.de\/index.php\/wp-json\/wp\/v2\/categories?post=6893"},{"taxonomy":"post_tag","embeddable":true,"href":"https:\/\/newsletter.deutschesoccerliga.de\/index.php\/wp-json\/wp\/v2\/tags?post=6893"}],"curies":[{"name":"wp","href":"https:\/\/api.w.org\/{rel}","templated":true}]}}