{"id":7224,"date":"2022-09-23T09:27:17","date_gmt":"2022-09-23T07:27:17","guid":{"rendered":"https:\/\/newsletter.deutschesoccerliga.de\/?p=7224"},"modified":"2022-10-13T11:57:04","modified_gmt":"2022-10-13T09:57:04","slug":"projekte-zur-arbeit-mit-straffaelligen-im-freistaat-thueringen","status":"publish","type":"post","link":"https:\/\/newsletter.deutschesoccerliga.de\/index.php\/2022\/09\/23\/projekte-zur-arbeit-mit-straffaelligen-im-freistaat-thueringen\/","title":{"rendered":"Projekte zur Arbeit mit Straff\u00e4lligen im Freistaat Th\u00fcringen"},"content":{"rendered":"[vc_row type=&#8220;in_container&#8220; full_screen_row_position=&#8220;middle&#8220; column_margin=&#8220;default&#8220; column_direction=&#8220;default&#8220; column_direction_tablet=&#8220;default&#8220; column_direction_phone=&#8220;default&#8220; scene_position=&#8220;center&#8220; text_color=&#8220;dark&#8220; text_align=&#8220;left&#8220; row_border_radius=&#8220;none&#8220; row_border_radius_applies=&#8220;bg&#8220; overlay_strength=&#8220;0.3&#8243; gradient_direction=&#8220;left_to_right&#8220; shape_divider_position=&#8220;bottom&#8220; bg_image_animation=&#8220;none&#8220;][vc_column column_padding=&#8220;no-extra-padding&#8220; column_padding_tablet=&#8220;inherit&#8220; column_padding_phone=&#8220;inherit&#8220; column_padding_position=&#8220;all&#8220; column_element_spacing=&#8220;default&#8220; background_color_opacity=&#8220;1&#8243; background_hover_color_opacity=&#8220;1&#8243; column_shadow=&#8220;none&#8220; column_border_radius=&#8220;none&#8220; column_link_target=&#8220;_self&#8220; gradient_direction=&#8220;left_to_right&#8220; overlay_strength=&#8220;0.3&#8243; width=&#8220;1\/1&#8243; tablet_width_inherit=&#8220;default&#8220; tablet_text_alignment=&#8220;default&#8220; phone_text_alignment=&#8220;default&#8220; bg_image_animation=&#8220;none&#8220; border_type=&#8220;simple&#8220; column_border_width=&#8220;none&#8220; column_border_style=&#8220;solid&#8220;][vc_gallery type=&#8220;nectarslider_style&#8220; images=&#8220;7226,7228,7229,7227,7256,7257&#8243; image_loading=&#8220;default&#8220; bullet_navigation=&#8220;true&#8220; bullet_navigation_style=&#8220;see_through_ar_visualized&#8220; onclick=&#8220;link_no&#8220;][\/vc_column][\/vc_row][vc_row type=&#8220;in_container&#8220; full_screen_row_position=&#8220;middle&#8220; column_margin=&#8220;default&#8220; column_direction=&#8220;default&#8220; column_direction_tablet=&#8220;default&#8220; column_direction_phone=&#8220;default&#8220; scene_position=&#8220;center&#8220; text_color=&#8220;dark&#8220; text_align=&#8220;left&#8220; row_border_radius=&#8220;none&#8220; row_border_radius_applies=&#8220;bg&#8220; overlay_strength=&#8220;0.3&#8243; gradient_direction=&#8220;left_to_right&#8220; shape_divider_position=&#8220;bottom&#8220; bg_image_animation=&#8220;none&#8220; shape_type=&#8220;&#8220;][vc_column column_padding=&#8220;no-extra-padding&#8220; column_padding_tablet=&#8220;inherit&#8220; column_padding_phone=&#8220;inherit&#8220; column_padding_position=&#8220;all&#8220; column_element_spacing=&#8220;default&#8220; background_color_opacity=&#8220;1&#8243; background_hover_color_opacity=&#8220;1&#8243; column_shadow=&#8220;none&#8220; column_border_radius=&#8220;none&#8220; column_link_target=&#8220;_self&#8220; gradient_direction=&#8220;left_to_right&#8220; overlay_strength=&#8220;0.3&#8243; width=&#8220;1\/1&#8243; tablet_width_inherit=&#8220;default&#8220; tablet_text_alignment=&#8220;default&#8220; phone_text_alignment=&#8220;default&#8220; bg_image_animation=&#8220;none&#8220; border_type=&#8220;simple&#8220; column_border_width=&#8220;none&#8220; column_border_style=&#8220;solid&#8220;][vc_column_text]<strong>Bew\u00e4hrungs- und Straff\u00e4lligenhilfe: Lage und Perspektiven.<\/strong>[\/vc_column_text][vc_column_text]\n<p align=\"justify\">Im September richtete die Deutsche Soccer Liga als Mitgliedsorganisation der Landesarbeitsgemeinschaft der Straff\u00e4lligenhilfe im Freistaat Th\u00fcringen (LAG) ein Pressegespr\u00e4ch aus. Gemeinsam mit dem Th\u00fcringer Justizminister Dirk Adams wurden die Arbeit der LAG sowie die aktuellen Problemlagen f\u00fcr Th\u00fcringen er\u00f6rtert und diskutiert. Hierbei wurde beispielhaft auf die nachfolgend genannten Projekte der Deutschen Soccer Liga eingegangen und erste Ergebnisse ver\u00f6ffentlicht.<\/p>\n<p align=\"justify\">Mit dem <em>Bildungsprojekt Blickpunkt \u2013 Extremismuspr\u00e4vention &amp; Deradikalisierung im (Jugend-)Strafvollzug<\/em> sowie dem Empowermentprojekt <em>SELF \u2013 Mein Weg<\/em> verstetigt die Deutsche Soccer Liga ihre Arbeit in der Straff\u00e4lligenhilfe in Th\u00fcringen. Die Projekte <em>Blickpunkt<\/em> und <em>SELF \u2013 Mein Weg<\/em> zielen darauf ab, die Teilnehmenden und Klient*innen u.a. dazu zu bef\u00e4higen, mit unterschiedlichen Meinungen und Haltungen in unserer pluralistischen Gesellschaft umgehen zu lernen und die eigenen Haltungen gegen\u00fcber Gesellschaft kritisch zu hinterfragen und ggf. neu zu besetzen.<\/p>\n<p align=\"justify\">Gerichtliche Weisung zu gemeinn\u00fctziger Arbeit und Inhaftierung werden in den meisten F\u00e4llen als eine pers\u00f6nliche Krise verstanden. Die Bew\u00e4ltigung dieser Krise kann mit \u00dcberforderung, Frust, Wut, Widerstand und Lustlosigkeit einhergehen. Dieser dauernd anhaltende Zustand kann Inhaftierte besonders empf\u00e4nglich f\u00fcr extremistische und gewaltbereite Ideologien machen sowie ggf. bereits bestehende menschenfeindliche Haltungen bekr\u00e4ftigen. P\u00e4dagogische wie auch politische Bildungsarbeit sind daher als eine Dringlichkeit in diesem Setting zu verstehen.<\/p>\n[\/vc_column_text][\/vc_column][\/vc_row]\n","protected":false},"excerpt":{"rendered":"<p>[vc_row type=&#8220;in_container&#8220; full_screen_row_position=&#8220;middle&#8220; column_margin=&#8220;default&#8220; column_direction=&#8220;default&#8220; column_direction_tablet=&#8220;default&#8220; column_direction_phone=&#8220;default&#8220; scene_position=&#8220;center&#8220; text_color=&#8220;dark&#8220; text_align=&#8220;left&#8220; row_border_radius=&#8220;none&#8220; row_border_radius_applies=&#8220;bg&#8220; overlay_strength=&#8220;0.3&#8243; gradient_direction=&#8220;left_to_right&#8220; shape_divider_position=&#8220;bottom&#8220; bg_image_animation=&#8220;none&#8220;][vc_column column_padding=&#8220;no-extra-padding&#8220; column_padding_tablet=&#8220;inherit&#8220; column_padding_phone=&#8220;inherit&#8220; column_padding_position=&#8220;all&#8220; column_element_spacing=&#8220;default&#8220; background_color_opacity=&#8220;1&#8243; background_hover_color_opacity=&#8220;1&#8243; column_shadow=&#8220;none&#8220; column_border_radius=&#8220;none&#8220;&#8230;<\/p>\n","protected":false},"author":4,"featured_media":7266,"comment_status":"closed","ping_status":"closed","sticky":false,"template":"","format":"standard","meta":{"inline_featured_image":false},"categories":[115],"tags":[338,229,231,151,289],"_links":{"self":[{"href":"https:\/\/newsletter.deutschesoccerliga.de\/index.php\/wp-json\/wp\/v2\/posts\/7224"}],"collection":[{"href":"https:\/\/newsletter.deutschesoccerliga.de\/index.php\/wp-json\/wp\/v2\/posts"}],"about":[{"href":"https:\/\/newsletter.deutschesoccerliga.de\/index.php\/wp-json\/wp\/v2\/types\/post"}],"author":[{"embeddable":true,"href":"https:\/\/newsletter.deutschesoccerliga.de\/index.php\/wp-json\/wp\/v2\/users\/4"}],"replies":[{"embeddable":true,"href":"https:\/\/newsletter.deutschesoccerliga.de\/index.php\/wp-json\/wp\/v2\/comments?post=7224"}],"version-history":[{"count":10,"href":"https:\/\/newsletter.deutschesoccerliga.de\/index.php\/wp-json\/wp\/v2\/posts\/7224\/revisions"}],"predecessor-version":[{"id":7268,"href":"https:\/\/newsletter.deutschesoccerliga.de\/index.php\/wp-json\/wp\/v2\/posts\/7224\/revisions\/7268"}],"wp:featuredmedia":[{"embeddable":true,"href":"https:\/\/newsletter.deutschesoccerliga.de\/index.php\/wp-json\/wp\/v2\/media\/7266"}],"wp:attachment":[{"href":"https:\/\/newsletter.deutschesoccerliga.de\/index.php\/wp-json\/wp\/v2\/media?parent=7224"}],"wp:term":[{"taxonomy":"category","embeddable":true,"href":"https:\/\/newsletter.deutschesoccerliga.de\/index.php\/wp-json\/wp\/v2\/categories?post=7224"},{"taxonomy":"post_tag","embeddable":true,"href":"https:\/\/newsletter.deutschesoccerliga.de\/index.php\/wp-json\/wp\/v2\/tags?post=7224"}],"curies":[{"name":"wp","href":"https:\/\/api.w.org\/{rel}","templated":true}]}}