{"id":7273,"date":"2022-11-02T15:27:01","date_gmt":"2022-11-02T14:27:01","guid":{"rendered":"https:\/\/newsletter.deutschesoccerliga.de\/?p=7273"},"modified":"2022-11-02T15:27:01","modified_gmt":"2022-11-02T14:27:01","slug":"mehr-raum-fuer-soziale-verantwortung","status":"publish","type":"post","link":"https:\/\/newsletter.deutschesoccerliga.de\/index.php\/2022\/11\/02\/mehr-raum-fuer-soziale-verantwortung\/","title":{"rendered":"Mehr Raum f\u00fcr soziale Verantwortung"},"content":{"rendered":"[vc_row type=&#8220;in_container&#8220; full_screen_row_position=&#8220;middle&#8220; column_margin=&#8220;default&#8220; column_direction=&#8220;default&#8220; column_direction_tablet=&#8220;default&#8220; column_direction_phone=&#8220;default&#8220; scene_position=&#8220;center&#8220; text_color=&#8220;dark&#8220; text_align=&#8220;left&#8220; row_border_radius=&#8220;none&#8220; row_border_radius_applies=&#8220;bg&#8220; overlay_strength=&#8220;0.3&#8243; gradient_direction=&#8220;left_to_right&#8220; shape_divider_position=&#8220;bottom&#8220; bg_image_animation=&#8220;none&#8220;][vc_column column_padding=&#8220;no-extra-padding&#8220; column_padding_tablet=&#8220;inherit&#8220; column_padding_phone=&#8220;inherit&#8220; column_padding_position=&#8220;all&#8220; column_element_spacing=&#8220;default&#8220; background_color_opacity=&#8220;1&#8243; background_hover_color_opacity=&#8220;1&#8243; column_shadow=&#8220;none&#8220; column_border_radius=&#8220;none&#8220; column_link_target=&#8220;_self&#8220; gradient_direction=&#8220;left_to_right&#8220; overlay_strength=&#8220;0.3&#8243; width=&#8220;1\/1&#8243; tablet_width_inherit=&#8220;default&#8220; tablet_text_alignment=&#8220;default&#8220; phone_text_alignment=&#8220;default&#8220; bg_image_animation=&#8220;none&#8220; border_type=&#8220;simple&#8220; column_border_width=&#8220;none&#8220; column_border_style=&#8220;solid&#8220;][vc_gallery type=&#8220;nectarslider_style&#8220; images=&#8220;7298,7296,7295&#8243; image_loading=&#8220;default&#8220; bullet_navigation=&#8220;true&#8220; bullet_navigation_style=&#8220;see_through_ar_visualized&#8220; onclick=&#8220;link_no&#8220;][\/vc_column][\/vc_row][vc_row type=&#8220;in_container&#8220; full_screen_row_position=&#8220;middle&#8220; column_margin=&#8220;default&#8220; column_direction=&#8220;default&#8220; column_direction_tablet=&#8220;default&#8220; column_direction_phone=&#8220;default&#8220; scene_position=&#8220;center&#8220; text_color=&#8220;dark&#8220; text_align=&#8220;left&#8220; row_border_radius=&#8220;none&#8220; row_border_radius_applies=&#8220;bg&#8220; overlay_strength=&#8220;0.3&#8243; gradient_direction=&#8220;left_to_right&#8220; shape_divider_position=&#8220;bottom&#8220; bg_image_animation=&#8220;none&#8220; shape_type=&#8220;&#8220;][vc_column column_padding=&#8220;no-extra-padding&#8220; column_padding_tablet=&#8220;inherit&#8220; column_padding_phone=&#8220;inherit&#8220; column_padding_position=&#8220;all&#8220; column_element_spacing=&#8220;default&#8220; background_color_opacity=&#8220;1&#8243; background_hover_color_opacity=&#8220;1&#8243; column_shadow=&#8220;none&#8220; column_border_radius=&#8220;none&#8220; column_link_target=&#8220;_self&#8220; gradient_direction=&#8220;left_to_right&#8220; overlay_strength=&#8220;0.3&#8243; width=&#8220;1\/1&#8243; tablet_width_inherit=&#8220;default&#8220; tablet_text_alignment=&#8220;default&#8220; phone_text_alignment=&#8220;default&#8220; bg_image_animation=&#8220;none&#8220; border_type=&#8220;simple&#8220; column_border_width=&#8220;none&#8220; column_border_style=&#8220;solid&#8220;][vc_column_text]<strong>Ausbau der Fa[ir]brik.<\/strong>[\/vc_column_text][vc_column_text]\n<p align=\"justify\">Als Teil des durch das Th\u00fcringer Oberlandesgericht gef\u00f6rderten Empowermentprojektes <em>SELF \u2013 Mein Weg<\/em> wurde Anfang des Jahres die Fa[ir]brik auf dem Gel\u00e4nde der Deutschen Soccer Liga er\u00f6ffnet. Personen mit der Auflage von gemeinn\u00fctzigen Arbeitsstunden k\u00f6nnen dieser dort in den Bereichen IT-Recycling und Refurbishment sowie dem Remarketing elektronischer Altger\u00e4te nachkommen.<\/p>\n<p align=\"justify\">Aufgrund der sehr erfolgreichen Anlaufphase werden aktuell die Werkr\u00e4ume der Fa[ir]brik erweitert, um somit noch mehr Einsatzm\u00f6glichkeiten f\u00fcr die Klient*innen zu schaffen. Durch die Sanierung der R\u00e4umlichkeiten auf dem Gel\u00e4nde der Deutschen Soccer Liga entsteht eine allgemeine Werkstatt, unter anderem f\u00fcr Reparaturarbeiten sowie Holz- und Metallverarbeitung. Hier haben die Klient*innen je nach ihren pers\u00f6nlichen Fertigkeiten und Bedarfen eine M\u00f6glichkeit, in unterschiedlichen Bereichen t\u00e4tig werden zu k\u00f6nnen.<\/p>\n[\/vc_column_text][\/vc_column][\/vc_row]\n","protected":false},"excerpt":{"rendered":"<p>[vc_row type=&#8220;in_container&#8220; full_screen_row_position=&#8220;middle&#8220; column_margin=&#8220;default&#8220; column_direction=&#8220;default&#8220; column_direction_tablet=&#8220;default&#8220; column_direction_phone=&#8220;default&#8220; scene_position=&#8220;center&#8220; text_color=&#8220;dark&#8220; text_align=&#8220;left&#8220; row_border_radius=&#8220;none&#8220; row_border_radius_applies=&#8220;bg&#8220; overlay_strength=&#8220;0.3&#8243; gradient_direction=&#8220;left_to_right&#8220; shape_divider_position=&#8220;bottom&#8220; bg_image_animation=&#8220;none&#8220;][vc_column column_padding=&#8220;no-extra-padding&#8220; column_padding_tablet=&#8220;inherit&#8220; column_padding_phone=&#8220;inherit&#8220; column_padding_position=&#8220;all&#8220; column_element_spacing=&#8220;default&#8220; background_color_opacity=&#8220;1&#8243; background_hover_color_opacity=&#8220;1&#8243; column_shadow=&#8220;none&#8220; column_border_radius=&#8220;none&#8220;&#8230;<\/p>\n","protected":false},"author":4,"featured_media":6950,"comment_status":"closed","ping_status":"closed","sticky":false,"template":"","format":"standard","meta":{"inline_featured_image":false},"categories":[115],"tags":[305,189,193,185,173],"_links":{"self":[{"href":"https:\/\/newsletter.deutschesoccerliga.de\/index.php\/wp-json\/wp\/v2\/posts\/7273"}],"collection":[{"href":"https:\/\/newsletter.deutschesoccerliga.de\/index.php\/wp-json\/wp\/v2\/posts"}],"about":[{"href":"https:\/\/newsletter.deutschesoccerliga.de\/index.php\/wp-json\/wp\/v2\/types\/post"}],"author":[{"embeddable":true,"href":"https:\/\/newsletter.deutschesoccerliga.de\/index.php\/wp-json\/wp\/v2\/users\/4"}],"replies":[{"embeddable":true,"href":"https:\/\/newsletter.deutschesoccerliga.de\/index.php\/wp-json\/wp\/v2\/comments?post=7273"}],"version-history":[{"count":3,"href":"https:\/\/newsletter.deutschesoccerliga.de\/index.php\/wp-json\/wp\/v2\/posts\/7273\/revisions"}],"predecessor-version":[{"id":7309,"href":"https:\/\/newsletter.deutschesoccerliga.de\/index.php\/wp-json\/wp\/v2\/posts\/7273\/revisions\/7309"}],"wp:featuredmedia":[{"embeddable":true,"href":"https:\/\/newsletter.deutschesoccerliga.de\/index.php\/wp-json\/wp\/v2\/media\/6950"}],"wp:attachment":[{"href":"https:\/\/newsletter.deutschesoccerliga.de\/index.php\/wp-json\/wp\/v2\/media?parent=7273"}],"wp:term":[{"taxonomy":"category","embeddable":true,"href":"https:\/\/newsletter.deutschesoccerliga.de\/index.php\/wp-json\/wp\/v2\/categories?post=7273"},{"taxonomy":"post_tag","embeddable":true,"href":"https:\/\/newsletter.deutschesoccerliga.de\/index.php\/wp-json\/wp\/v2\/tags?post=7273"}],"curies":[{"name":"wp","href":"https:\/\/api.w.org\/{rel}","templated":true}]}}