{"id":7274,"date":"2022-11-02T15:30:27","date_gmt":"2022-11-02T14:30:27","guid":{"rendered":"https:\/\/newsletter.deutschesoccerliga.de\/?p=7274"},"modified":"2022-11-02T15:31:56","modified_gmt":"2022-11-02T14:31:56","slug":"projekt-maagalim-voll-in-fahrt","status":"publish","type":"post","link":"https:\/\/newsletter.deutschesoccerliga.de\/index.php\/2022\/11\/02\/projekt-maagalim-voll-in-fahrt\/","title":{"rendered":"Projekt Maagalim voll in Fahrt"},"content":{"rendered":"[vc_row type=&#8220;in_container&#8220; full_screen_row_position=&#8220;middle&#8220; column_margin=&#8220;default&#8220; column_direction=&#8220;default&#8220; column_direction_tablet=&#8220;default&#8220; column_direction_phone=&#8220;default&#8220; scene_position=&#8220;center&#8220; text_color=&#8220;dark&#8220; text_align=&#8220;left&#8220; row_border_radius=&#8220;none&#8220; row_border_radius_applies=&#8220;bg&#8220; overlay_strength=&#8220;0.3&#8243; gradient_direction=&#8220;left_to_right&#8220; shape_divider_position=&#8220;bottom&#8220; bg_image_animation=&#8220;none&#8220;][vc_column column_padding=&#8220;no-extra-padding&#8220; column_padding_tablet=&#8220;inherit&#8220; column_padding_phone=&#8220;inherit&#8220; column_padding_position=&#8220;all&#8220; column_element_spacing=&#8220;default&#8220; background_color_opacity=&#8220;1&#8243; background_hover_color_opacity=&#8220;1&#8243; column_shadow=&#8220;none&#8220; column_border_radius=&#8220;none&#8220; column_link_target=&#8220;_self&#8220; gradient_direction=&#8220;left_to_right&#8220; overlay_strength=&#8220;0.3&#8243; width=&#8220;1\/1&#8243; tablet_width_inherit=&#8220;default&#8220; tablet_text_alignment=&#8220;default&#8220; phone_text_alignment=&#8220;default&#8220; bg_image_animation=&#8220;none&#8220; border_type=&#8220;simple&#8220; column_border_width=&#8220;none&#8220; column_border_style=&#8220;solid&#8220;][vc_gallery type=&#8220;nectarslider_style&#8220; images=&#8220;7304,7288,7293&#8243; image_loading=&#8220;default&#8220; bullet_navigation=&#8220;true&#8220; bullet_navigation_style=&#8220;see_through_ar_visualized&#8220; onclick=&#8220;link_no&#8220;][\/vc_column][\/vc_row][vc_row type=&#8220;in_container&#8220; full_screen_row_position=&#8220;middle&#8220; column_margin=&#8220;default&#8220; column_direction=&#8220;default&#8220; column_direction_tablet=&#8220;default&#8220; column_direction_phone=&#8220;default&#8220; scene_position=&#8220;center&#8220; text_color=&#8220;dark&#8220; text_align=&#8220;left&#8220; row_border_radius=&#8220;none&#8220; row_border_radius_applies=&#8220;bg&#8220; overlay_strength=&#8220;0.3&#8243; gradient_direction=&#8220;left_to_right&#8220; shape_divider_position=&#8220;bottom&#8220; bg_image_animation=&#8220;none&#8220; shape_type=&#8220;&#8220;][vc_column column_padding=&#8220;no-extra-padding&#8220; column_padding_tablet=&#8220;inherit&#8220; column_padding_phone=&#8220;inherit&#8220; column_padding_position=&#8220;all&#8220; column_element_spacing=&#8220;default&#8220; background_color_opacity=&#8220;1&#8243; background_hover_color_opacity=&#8220;1&#8243; column_shadow=&#8220;none&#8220; column_border_radius=&#8220;none&#8220; column_link_target=&#8220;_self&#8220; gradient_direction=&#8220;left_to_right&#8220; overlay_strength=&#8220;0.3&#8243; width=&#8220;1\/1&#8243; tablet_width_inherit=&#8220;default&#8220; tablet_text_alignment=&#8220;default&#8220; phone_text_alignment=&#8220;default&#8220; bg_image_animation=&#8220;none&#8220; border_type=&#8220;simple&#8220; column_border_width=&#8220;none&#8220; column_border_style=&#8220;solid&#8220;][vc_column_text]<strong>Highlights voller Vielfalt.<\/strong>[\/vc_column_text][vc_column_text]\n<p align=\"justify\">Das Projekt <em>Maagalim<\/em> <a href=\"http:\/\/www.jlgt.org\/neun.html\">der j\u00fcdischen Landesgemeinde Th\u00fcringen<\/a>, welches die Deutsche Soccer Liga gemeinsam mit dem <a href=\"https:\/\/zwst-kompetenzzentrum.de\/\">Kompetenzzentrum f\u00fcr Pr\u00e4vention und Empowerment der Zentralwohlfahrtsstelle der Juden in Deutschland<\/a> umsetzt, hat in den letzten Monaten einige H\u00f6hepunkte erlebt. Im Fokus des Projektes steht die Auseinandersetzung mit gesellschaftlicher Vielfalt, weshalb sich die Teilnehmenden seit Beginn des Jahres in monatlich stattfindenden Treffen sowohl theoretisch im Seminarkontext als auch in praktischen Erprobungsr\u00e4umen, wie durch den Besuch der Erfurter Synagoge im M\u00e4rz, dem annehmen. Gef\u00f6rdert wird dieses Projekt durch die F.C. Flick Stiftung gegen Fremdenfeindlichkeit, Rassismus und Intoleranz.<\/p>\n<p align=\"justify\">Im August und September hatten die Teilnehmenden die M\u00f6glichkeit, auf die Frage <em>\u201eWas verbinde ich mit kultureller Vielfalt?\u201c, <\/em>mit einem selbstgestalteten Graffiti-Motiv zu antworten. Dies fand Umsetzung unter Anleitung eines Graffiti-K\u00fcnstlers an einer Wand der Gesch\u00e4ftsstelle der Deutschen Soccer Liga.<\/p>\n<p align=\"justify\">Au\u00dferdem fand am 21.09. und 05.10.22 ein vom Kompetenzzentrum f\u00fcr Pr\u00e4vention und Empowerment der Zentralwohlfahrtsstelle der Juden in Deutschland durchgef\u00fchrter Workshop zum Thema <em>Alltagsdiskriminierung<\/em> statt. Dabei setzten sich die Teilnehmenden zum einen mit der Entstehung und den Erscheinungsformen des Ph\u00e4nomens, zum anderen aber auch mit konkreten Handlungsm\u00f6glichkeiten auseinander.<\/p>\n<p align=\"justify\">Als weiteres Highlight fand vom 24. bis 26.10. eine Bildungsreise nach Berlin statt, bei der die Teilnehmenden u.a. auch das j\u00fcdische Museum besuchen konnten.<\/p>\n[\/vc_column_text][\/vc_column][\/vc_row]\n","protected":false},"excerpt":{"rendered":"<p>[vc_row type=&#8220;in_container&#8220; full_screen_row_position=&#8220;middle&#8220; column_margin=&#8220;default&#8220; column_direction=&#8220;default&#8220; column_direction_tablet=&#8220;default&#8220; column_direction_phone=&#8220;default&#8220; scene_position=&#8220;center&#8220; text_color=&#8220;dark&#8220; text_align=&#8220;left&#8220; row_border_radius=&#8220;none&#8220; row_border_radius_applies=&#8220;bg&#8220; overlay_strength=&#8220;0.3&#8243; gradient_direction=&#8220;left_to_right&#8220; shape_divider_position=&#8220;bottom&#8220; bg_image_animation=&#8220;none&#8220;][vc_column column_padding=&#8220;no-extra-padding&#8220; column_padding_tablet=&#8220;inherit&#8220; column_padding_phone=&#8220;inherit&#8220; column_padding_position=&#8220;all&#8220; column_element_spacing=&#8220;default&#8220; background_color_opacity=&#8220;1&#8243; background_hover_color_opacity=&#8220;1&#8243; column_shadow=&#8220;none&#8220; column_border_radius=&#8220;none&#8220;&#8230;<\/p>\n","protected":false},"author":4,"featured_media":7044,"comment_status":"closed","ping_status":"closed","sticky":false,"template":"","format":"standard","meta":{"inline_featured_image":false},"categories":[115],"tags":[217,121,323,153,173],"_links":{"self":[{"href":"https:\/\/newsletter.deutschesoccerliga.de\/index.php\/wp-json\/wp\/v2\/posts\/7274"}],"collection":[{"href":"https:\/\/newsletter.deutschesoccerliga.de\/index.php\/wp-json\/wp\/v2\/posts"}],"about":[{"href":"https:\/\/newsletter.deutschesoccerliga.de\/index.php\/wp-json\/wp\/v2\/types\/post"}],"author":[{"embeddable":true,"href":"https:\/\/newsletter.deutschesoccerliga.de\/index.php\/wp-json\/wp\/v2\/users\/4"}],"replies":[{"embeddable":true,"href":"https:\/\/newsletter.deutschesoccerliga.de\/index.php\/wp-json\/wp\/v2\/comments?post=7274"}],"version-history":[{"count":9,"href":"https:\/\/newsletter.deutschesoccerliga.de\/index.php\/wp-json\/wp\/v2\/posts\/7274\/revisions"}],"predecessor-version":[{"id":7308,"href":"https:\/\/newsletter.deutschesoccerliga.de\/index.php\/wp-json\/wp\/v2\/posts\/7274\/revisions\/7308"}],"wp:featuredmedia":[{"embeddable":true,"href":"https:\/\/newsletter.deutschesoccerliga.de\/index.php\/wp-json\/wp\/v2\/media\/7044"}],"wp:attachment":[{"href":"https:\/\/newsletter.deutschesoccerliga.de\/index.php\/wp-json\/wp\/v2\/media?parent=7274"}],"wp:term":[{"taxonomy":"category","embeddable":true,"href":"https:\/\/newsletter.deutschesoccerliga.de\/index.php\/wp-json\/wp\/v2\/categories?post=7274"},{"taxonomy":"post_tag","embeddable":true,"href":"https:\/\/newsletter.deutschesoccerliga.de\/index.php\/wp-json\/wp\/v2\/tags?post=7274"}],"curies":[{"name":"wp","href":"https:\/\/api.w.org\/{rel}","templated":true}]}}